{"id":170,"date":"2009-12-11T13:59:10","date_gmt":"2009-12-11T13:59:10","guid":{"rendered":"http:\/\/www.lecreis.org\/creis\/?p=170"},"modified":"2011-07-22T10:43:07","modified_gmt":"2011-07-22T10:43:07","slug":"journee-detudes-creis-terminal-11-decembre-2009","status":"publish","type":"post","link":"https:\/\/www.lecreis.org\/?p=170","title":{"rendered":"LA GOUVERNANCE D&rsquo;INTERNET"},"content":{"rendered":"<p><strong> <\/strong><\/p>\n<p><strong>11 d\u00e9cembre 2009 <\/strong><\/p>\n<blockquote><p><strong>Introduction et pr\u00e9sentation de la journ\u00e9e<br \/>\n<\/strong><em>\u00ab\u00a0La place de la soci\u00e9t\u00e9 civile dans la  gouvernance de l&rsquo;internet\u00a0\u00bb &#8230; au travers de l&rsquo;exp\u00e9rience de l&rsquo;Internet  Society (France, Europe, Monde) <\/em>, G\u00e9rard Dantec, Vice-pr\u00e9sident  ISOC France<br \/>\n<a href=\"http:\/\/www.isoc.fr\/vie-privee-vie-publique-au-tr-vail_breve0072.html\">http:\/\/www.isoc.fr\/vie-privee-vie-publique-au-tr-vail_breve0072.html <\/a><br \/>\n<a href=\"http:\/\/isoc.fr\/wordpress\/\">http:\/\/isoc.fr\/wordpress\/ <\/a><\/p>\n<p><strong><em> La Charte des Droits de l&rsquo;Internet<\/em><\/strong><a href=\"#charte\"><br \/>\nR\u00e9sum\u00e9<\/a><br \/>\nFrancesca Musiani,     doctorante au Centre de Sociologie de l&rsquo;Innovation (CSI) \u00e0 Mines ParisTech, o\u00f9 ses travaux de th\u00e8se portent sur les usages \u00ab\u00a0alternatifs\u00a0\u00bb des technologies pair-\u00e0-pair, membre du conseil scientifique du projet Vox Internet et auteur de \u00ab\u00a0Cyberhandshakes\u00a0\u00bb, paru chez EuroEditions (Madrid, 2009).<a href=\"http:\/\/www.csi.ensmp.fr\/\"><br \/>\nhttp:\/\/www.csi.ensmp.fr<\/a><br \/>\n<a href=\"http:\/\/www.voxinternet.org\/\">http:\/\/www.voxinternet.org<\/a><\/p>\n<p><strong><em>\u00ab\u00a0Penser la gouvernance de l&rsquo;Internet : Pouvoir et institutionnalisation de l&rsquo;usage des TICS \u00ab\u00a0<\/em><\/strong><br \/>\n<a href=\"#gouvernance\"> R\u00e9sum\u00e9<\/a><br \/>\nAmar Lakel, CREIS, Universit\u00e9 de Bordeaux<br \/>\nPr\u00e9sentation :<a href=\"http:\/\/www.slideshare.net\/alakel\/gouvernance-de-linternet-pour-une-pistmologie-du-pouvoir-dans-les-usages-numriques\"> http:\/\/www.slideshare.net\/alakel\/gouvernance-de-linternet-pour-une-pistmologie-du-pouvoir-dans-les-usages-numriques <\/a><\/p>\n<p><strong> <\/strong>Al&rsquo;occasion de la remise du  Prix du CREIS 2009 \u00e0 M\u00e9lanie Dulong de Rosnay, Institute for Information  Law, University of Amsterdam, la laur\u00e9ate pr\u00e9sentera ses travaux de recherche :<br \/>\n<strong><em>\u00ab\u00a0L&rsquo;utilisation des licences Creative Commons pour la diffusion par un interm\u00e9diaire : contrat compl\u00e9mentaire et responsabilit\u00e9\u00a0\u00bb <\/em><\/strong><br \/>\n<a href=\"#CC\"> R\u00e9sum\u00e9<\/a><br \/>\n<a href=\"http:\/\/www.ivir.nl\/\">http:\/\/www.ivir.nl\/ <\/a><br \/>\n<strong> <\/strong><\/p><\/blockquote>\n<p><a name=\"gouvernance\"><\/a>R\u00e9sum\u00e9<br \/>\n<em>Penser la gouvernance de l&rsquo;Internet : Pouvoir et institutionnalisation de l&rsquo;usage des TICS <\/em><\/p>\n<p><!--more-->R\u00e9sum\u00e9 : Toute effectuation d&rsquo;une action de communication est  contextualis\u00e9e par des dispositifs de pouvoir qui contraignent les jeux  tactiques et strat\u00e9giques. Dans le cadre du d\u00e9veloppement de la  communication \u00e9lectronique \u00e0 l&rsquo;\u00e9chelle de toute une soci\u00e9t\u00e9, l&rsquo;\u00e9tude du  d\u00e9veloppement de l&rsquo;Internet nous a permis d&rsquo;observer le repositionnement  des appareils d&rsquo;Etat<br \/>\nen charge du gouvernement de l&rsquo;ordre du discours. Le double h\u00e9ritage de  Louis Althusser et de Michel Foucault est venu enrichir les th\u00e9ories du<br \/>\nr\u00e9seau et de la traduction de Callon et Latour pour nous donner la  grille d&rsquo;analyse d&rsquo;une g\u00e9n\u00e9alogie de nouveaux modes de gouvernance dans  la soci\u00e9t\u00e9<br \/>\nde l&rsquo;information. Il s&rsquo;est agi de voir comment des cat\u00e9gories d&rsquo;acteurs,  devenus porte-paroles de formations sociales (soci\u00e9t\u00e9 civile,  entreprises,<br \/>\ninstitutions publiques) ont constitu\u00e9 un nouveau dispositif  d&rsquo;ordonnancement de la prise de parole publique. L&rsquo;\u00e9mergence de nouveaux  dispositifs de pouvoir, dit de co-r\u00e9gulation, a travaill\u00e9 tout autant  les appareils d&rsquo;interpellation et de mobilisation des acteurs que les  appareils r\u00e9pressifs. L&rsquo;ouverture des institutions publiques  repr\u00e9sentatives \u00e0 l&rsquo;espace des rapports sociaux dans de nouvelles formes  de pouvoir nous a r\u00e9v\u00e9l\u00e9 une nouvelle physique du pouvoir.<br \/>\n<a name=\"CC\"><\/a>R\u00e9sum\u00e9 :<br \/>\n<em>\u00ab\u00a0L&rsquo;utilisation des licences Creative Commons pour la diffusion par un interm\u00e9diaire : contrat compl\u00e9mentaire et responsabilit\u00e9\u00a0\u00bb <\/em><\/p>\n<p>Les licences Creative Commons permettent aux  auteurs de marquer\u00a0 leurs oeuvres en accordant plus de libert\u00e9s au  public que ne le\u00a0 pr\u00e9voit le droit d&rsquo;auteur par d\u00e9faut. Diff\u00e9rentes  options pr\u00e9voient au minimum une autorisation de\u00a0 copier et distribuer  sans utilisation commerciale et en attribuant l&rsquo;auteur. La combinaison  des options disponibles produit 6 licences, les\u00a0 licences ont connu 4  versions, elles ont \u00e9t\u00e9 traduites et\u00a0 adapt\u00e9es au droit de plus de 50  juridictions. L&rsquo;objectif initial de faciliter la r\u00e9utilisation et de  favoriser\u00a0 le partage et l&rsquo;appropriation cr\u00e9ative se trouve amoindri  par\u00a0 les risques d&rsquo;incompatibilit\u00e9s juridiques entre ces options,\u00a0  versions et juridictions. Les diff\u00e9rences nationales refl\u00e8tent notamment  les \u00e9carts\u00a0 entre l\u00e9gislations et pratiques nationales. Apr\u00e8s une  pr\u00e9sentation de l&rsquo;environnement et des utilisations\u00a0 des licences, nous  inviterons une discussion \u00e0 \u00a0 partir d&rsquo;un\u00a0 exemple de variation entre  versions et juridictions, les\u00a0 garanties apport\u00e9es ou non par l&rsquo;auteur.  Les licences pr\u00e9voyaient initialement une repr\u00e9sentation que\u00a0 l&rsquo;oeuvre  ne constitue pas une contrefa\u00e7on \u00e0 \u00a0 la connaissance de\u00a0 la personne qui  offre la licence. Cette disposition a ensuite\u00a0 \u00e9t\u00e9 supprim\u00e9e. Est-il  pr\u00e9f\u00e9rable de faire peser cette\u00a0 responsabilit\u00e9 sur la personne qui  diffuse l&rsquo;oeuvre, ou sur\u00a0 celle qui souhaite la r\u00e9utiliser ?<br \/>\n<a name=\"charte\"><\/a>R\u00e9sum\u00e9<br \/>\n<em>Une \u00ab\u00a0charte\u00a0\u00bb pour les droits des internautes? Perspectives et alternatives <\/em><\/p>\n<p>Les r\u00e9centes discussions autour de libert\u00e9, s\u00e9curit\u00e9 et protection de la  vie priv\u00e9e des individus sur l&rsquo;Internet portent sur la nature meme de  ces droits &#8211; leur existence, attribution, reconnaissance &#8211; aussi bien que sur les proc\u00e9dures et instruments de leur l\u00e9gitimation. Notre  attention se portera sur le d\u00e9bat concernant la cr\u00e9ation d&rsquo;une  \u00ab\u00a0constitution\u00a0\u00bb ou \u00ab\u00a0charte\u00a0\u00bb de droits pour l&rsquo;Internet, et en particulier sur la partie de ce d\u00e9bat qui concerne le droit \u00e0 la vie  priv\u00e9e. Il s&rsquo;agit ici d&rsquo;analyser les raisons et perspectives qui  sous-tendent ce projet de charte, ainsi que de le comparer avec formes alternatives de \u00ab\u00a0protection\u00a0\u00bb des droits des internautes &#8211; pour conclure  sur la place de ce d\u00e9bat dans la gouvernance de l&rsquo;Internet.<\/p>\n","protected":false},"excerpt":{"rendered":"<\/p>\n<p>11 d\u00e9cembre 2009 <\/p>\n<p>Introduction et pr\u00e9sentation de la journ\u00e9e \u00ab\u00a0La place de la soci\u00e9t\u00e9 civile dans la gouvernance de l&rsquo;internet\u00a0\u00bb &#8230; au travers de l&rsquo;exp\u00e9rience de l&rsquo;Internet Society (France, Europe, Monde) , G\u00e9rard Dantec, Vice-pr\u00e9sident ISOC France <a href=\"http:\/\/www.isoc.fr\/vie-privee-vie-publique-au-tr-vail_breve0072.html\">http:\/\/www.isoc.fr\/vie-privee-vie-publique-au-tr-vail_breve0072.html <\/a> <a href=\"http:\/\/isoc.fr\/wordpress\/\">http:\/\/isoc.fr\/wordpress\/ <\/a><\/p>\n<p> La Charte des Droits de l&rsquo;Internet<a href=\"#charte\"> R\u00e9sum\u00e9<\/a> &hellip; <\/p>\n<p><a class=\"more-link btn\" href=\"https:\/\/www.lecreis.org\/?p=170\">Lire la suite<\/a><\/p>\n","protected":false},"author":4,"featured_media":0,"comment_status":"open","ping_status":"open","sticky":false,"template":"","format":"standard","meta":{"footnotes":""},"categories":[8],"tags":[38,36],"class_list":["post-170","post","type-post","status-publish","format-standard","hentry","category-journees_etude","tag-creative-commons","tag-gouvernance-internet","item-wrap"],"_links":{"self":[{"href":"https:\/\/www.lecreis.org\/index.php?rest_route=\/wp\/v2\/posts\/170","targetHints":{"allow":["GET"]}}],"collection":[{"href":"https:\/\/www.lecreis.org\/index.php?rest_route=\/wp\/v2\/posts"}],"about":[{"href":"https:\/\/www.lecreis.org\/index.php?rest_route=\/wp\/v2\/types\/post"}],"author":[{"embeddable":true,"href":"https:\/\/www.lecreis.org\/index.php?rest_route=\/wp\/v2\/users\/4"}],"replies":[{"embeddable":true,"href":"https:\/\/www.lecreis.org\/index.php?rest_route=%2Fwp%2Fv2%2Fcomments&post=170"}],"version-history":[{"count":17,"href":"https:\/\/www.lecreis.org\/index.php?rest_route=\/wp\/v2\/posts\/170\/revisions"}],"predecessor-version":[{"id":173,"href":"https:\/\/www.lecreis.org\/index.php?rest_route=\/wp\/v2\/posts\/170\/revisions\/173"}],"wp:attachment":[{"href":"https:\/\/www.lecreis.org\/index.php?rest_route=%2Fwp%2Fv2%2Fmedia&parent=170"}],"wp:term":[{"taxonomy":"category","embeddable":true,"href":"https:\/\/www.lecreis.org\/index.php?rest_route=%2Fwp%2Fv2%2Fcategories&post=170"},{"taxonomy":"post_tag","embeddable":true,"href":"https:\/\/www.lecreis.org\/index.php?rest_route=%2Fwp%2Fv2%2Ftags&post=170"}],"curies":[{"name":"wp","href":"https:\/\/api.w.org\/{rel}","templated":true}]}}