{"id":1852,"date":"2014-01-16T10:41:18","date_gmt":"2014-01-16T10:41:18","guid":{"rendered":"http:\/\/www.lecreis.org\/?p=1852"},"modified":"2014-02-14T13:34:13","modified_gmt":"2014-02-14T13:34:13","slug":"tic-et-developpement-durable%c2%a0-enjeux-et-realites-des-green-it-journee-d%e2%80%99etude-creis-terminal-le-622014-a-montpellier","status":"publish","type":"post","link":"https:\/\/www.lecreis.org\/?p=1852","title":{"rendered":"TIC et d\u00e9veloppement durable\u00a0: enjeux et r\u00e9alit\u00e9s des Green-IT : journ\u00e9e d\u2019\u00e9tude CREIS TERMINAL  le 6\/2\/2014 \u00e0 Montpellier"},"content":{"rendered":"<p>&nbsp;<\/p>\n<p>Eco-Tic, Green IT ou encore Green computing \u2013 diff\u00e9rentes appellations sont utilis\u00e9es depuis quelques ann\u00e9es pour d\u00e9signer l\u2019apport des TIC au d\u00e9veloppement durable. Cette notion est suffisamment g\u00e9n\u00e9rale pour qu\u2019elle soit mobilis\u00e9e dans les discours marketing promouvant les vertus des TIC pour la diminution de la consommation d&rsquo;\u00e9nergie et, de mani\u00e8re g\u00e9n\u00e9rale, des effets n\u00e9gatifs de l\u2019activit\u00e9 humaine sur l\u2019environnement. Cependant, cette diminution est difficile \u00e0 mesurer, tant les dimensions de notion sont complexes et les indicateurs multiples, et ce aux diff\u00e9rentes \u00e9tapes du cycle de vie des technologies. Par ailleurs, l\u2019\u00e9valuation du caract\u00e8re \u00e9cologique des TIC ne peut se faire de mani\u00e8re g\u00e9n\u00e9rale mais par rapport \u00e0 des activit\u00e9s sp\u00e9cifiques et \u00e0 des outils compl\u00e9mentaires ou qu\u2019elles pr\u00e9tendent supplanter.<br \/>\nLe Creis-Terminal souhaite contribuer \u00e0 la r\u00e9flexion sur ce th\u00e8me, \u00e9clairer les enjeux et faire un \u00e9tat de lieux des pratiques \u00e9cologiques concertant ces TIC.<\/p>\n<h2 style=\"text-align: center;\"><strong>Programme<\/strong><\/h2>\n<h3>10h30-10h45 Pr\u00e9sentation<\/h3>\n<p><strong>Roxana Ologeanu-Taddei<\/strong>, CREIS-TERMINAL<\/p>\n<h3>10h45-11h30 Les impacts \u00e9cologiques des technologies de l&rsquo;information et de la communication.<\/h3>\n<p><strong>Aur\u00e9lie Bohas<\/strong>, Charg\u00e9e d\u2019\u00e9tude, Universit\u00e9 Lyon 3<\/p>\n<p>Site <a href=\" http:\/\/ecoinfo.cnrs.fr\/spip.php?article279\">web<\/a><\/p>\n<h3>11h45-12h30 Copier-coller jusqu&rsquo;\u00e0 \u00e9puisement ?<\/h3>\n<p><a href=\" http:\/\/fabrice.flipo.free.fr\/\"><strong>Fabrice Flipo<\/strong><\/a>, MCF HDR en philosophie des sciences<\/p>\n<blockquote><p>Le num\u00e9rique a incontestablement chang\u00e9 les modalit\u00e9s de communication, en gu\u00e8re plus de deux d\u00e9cennies. \u00c9mergeant dans un contexte de crise \u00e9cologique de plus en plus av\u00e9r\u00e9, il a rapidement \u00e9t\u00e9 par\u00e9 de vertus \u00ab\u00a0vertes\u00a0\u00bb, du fait notamment de l&rsquo;apparente l\u00e9g\u00e8ret\u00e9 de l&rsquo;\u00e9conomie dite \u00ab\u00a0immat\u00e9rielle\u00a0\u00bb. Pourtant la r\u00e9alit\u00e9 est bien diff\u00e9rente, et les raisons de croire \u00e0 une d\u00e9mat\u00e9rialisation des \u00e9conomies de croissance sont peu nombreuses.<\/p><\/blockquote>\n<p>Site <a href=\" http:\/\/www.greenit.fr\/article\/acteurs\/peut-on-croire-aux-tic-vertes-4632\">web<\/a><\/p>\n<h3>12h45-13h30 TIC et D\u00e9veloppement Durable : la grande illusion de la substitution<\/h3>\n<p><strong>Florence Rodhain<\/strong>, MCF HDR, Universit\u00e9 Montpellier 2<\/p>\n<p>Site <a href=\"http:\/\/www.mrm.univ-montp2.fr\/details\/1\/192\/membres-rodhain\">web<\/a><\/p>\n<blockquote><p>Dans l\u2019optique d\u2019un \u00ab d\u00e9veloppement durable \u00bb, les T.I.C. (Technologies de l\u2019Information et de la Communication) sont annonc\u00e9es comme pouvant remplacer le papier (cf \u00ab z\u00e9ro papier \u00bb), le transport de personnes (cf \u00ab visio-conf\u00e9rence), le transport de marchandises (cf \u00ab e-commerce \u00bb) et r\u00e9duire l\u2019empreinte \u00e9cologique globale des usagers sur la plan\u00e8te. Qu\u2019en est-il r\u00e9ellement ? Cette conf\u00e9rence abordera successivement ces diff\u00e9rents points et d\u00e9cryptera les effets de compl\u00e9mentarit\u00e9 et les effets rebonds qui emp\u00eachent l\u2019av\u00e8nement d\u2019effets de substitution et la r\u00e9duction globale de l\u2019empreinte \u00e9cologique.<\/p><\/blockquote>\n<p>&nbsp;<\/p>\n<p>&nbsp;<\/p>\n<p><strong>Lieu<\/strong> :<\/p>\n<p>&nbsp;<\/p>\n<p><strong>Polytech Montpellier<\/strong> (b\u00e2t 31), salle 004<\/p>\n<p>Tram : arr\u00eat Universit\u00e9s des sciences et des lettres.<\/p>\n<p>&nbsp;<\/p>\n<p><strong><a href=\"http:\/\/www.lecreis.org\/creis\/wp-content\/uploads\/JE-CREISTERMINAL-TICETDEV\">Programme en PDF<\/a><br \/>\n<\/strong><\/p>\n<p>&nbsp;<\/p>\n","protected":false},"excerpt":{"rendered":"<p>&nbsp;<\/p>\n<p>Eco-Tic, Green IT ou encore Green computing \u2013 diff\u00e9rentes appellations sont utilis\u00e9es depuis quelques ann\u00e9es pour d\u00e9signer l\u2019apport des TIC au d\u00e9veloppement durable. Cette notion est suffisamment g\u00e9n\u00e9rale pour qu\u2019elle soit mobilis\u00e9e dans les discours marketing promouvant les vertus des TIC pour la diminution de la consommation d&rsquo;\u00e9nergie et, de mani\u00e8re g\u00e9n\u00e9rale, des effets &hellip; <\/p>\n<p><a class=\"more-link btn\" href=\"https:\/\/www.lecreis.org\/?p=1852\">Lire la suite<\/a><\/p>\n","protected":false},"author":4,"featured_media":0,"comment_status":"closed","ping_status":"open","sticky":false,"template":"","format":"standard","meta":{"footnotes":""},"categories":[8],"tags":[],"class_list":["post-1852","post","type-post","status-publish","format-standard","hentry","category-journees_etude","item-wrap"],"_links":{"self":[{"href":"https:\/\/www.lecreis.org\/index.php?rest_route=\/wp\/v2\/posts\/1852","targetHints":{"allow":["GET"]}}],"collection":[{"href":"https:\/\/www.lecreis.org\/index.php?rest_route=\/wp\/v2\/posts"}],"about":[{"href":"https:\/\/www.lecreis.org\/index.php?rest_route=\/wp\/v2\/types\/post"}],"author":[{"embeddable":true,"href":"https:\/\/www.lecreis.org\/index.php?rest_route=\/wp\/v2\/users\/4"}],"replies":[{"embeddable":true,"href":"https:\/\/www.lecreis.org\/index.php?rest_route=%2Fwp%2Fv2%2Fcomments&post=1852"}],"version-history":[{"count":26,"href":"https:\/\/www.lecreis.org\/index.php?rest_route=\/wp\/v2\/posts\/1852\/revisions"}],"predecessor-version":[{"id":1940,"href":"https:\/\/www.lecreis.org\/index.php?rest_route=\/wp\/v2\/posts\/1852\/revisions\/1940"}],"wp:attachment":[{"href":"https:\/\/www.lecreis.org\/index.php?rest_route=%2Fwp%2Fv2%2Fmedia&parent=1852"}],"wp:term":[{"taxonomy":"category","embeddable":true,"href":"https:\/\/www.lecreis.org\/index.php?rest_route=%2Fwp%2Fv2%2Fcategories&post=1852"},{"taxonomy":"post_tag","embeddable":true,"href":"https:\/\/www.lecreis.org\/index.php?rest_route=%2Fwp%2Fv2%2Ftags&post=1852"}],"curies":[{"name":"wp","href":"https:\/\/api.w.org\/{rel}","templated":true}]}}