{"id":3060,"date":"2022-06-09T20:23:00","date_gmt":"2022-06-09T20:23:00","guid":{"rendered":"https:\/\/www.lecreis.org\/?p=3060"},"modified":"2023-05-14T17:09:53","modified_gmt":"2023-05-14T17:09:53","slug":"journee-detude-interconnexions-entre-transitions-numerique-et-ecologique-9-juin-2022","status":"publish","type":"post","link":"https:\/\/www.lecreis.org\/?p=3060","title":{"rendered":"Journ\u00e9e d&rsquo;\u00e9tude \u00ab\u00a0Interconnexions entre transitions num\u00e9rique et \u00e9cologique\u00a0\u00bb 9 juin 2022"},"content":{"rendered":"\n<p class=\"has-text-align-center has-regular-font-size\"><strong>Interconnexions entre transitions num\u00e9rique et \u00e9cologique<\/strong><\/p>\n\n\n\n<p class=\"has-text-align-center\"><strong><a href=\"https:\/\/www.lecreis.org\/creis\/wp-content\/uploads\/Interconnexion_between_numerical_ecological_transition-V2_revbis.pdf\" target=\"_blank\" rel=\"noreferrer noopener\">Interconnections between digital and ecological transitions<\/a><\/strong><\/p>\n\n\n\n<p class=\"has-text-align-center has-regular-font-size\"><strong>Organis\u00e9e par <em>Creis-Terminal, LabSIC de l&rsquo;U<\/em><\/strong><em><strong>niversit\u00e9 Sorbonne Paris Nord<\/strong><\/em> <em><strong>et Paris-Saclay Applied Economics d&rsquo;INRAE<\/strong><\/em><strong>&#8211;<em>AgroParisTech<\/em><\/strong><\/p>\n\n\n\n<p class=\"has-text-align-center has-large-font-size\"><strong><mark style=\"background-color:rgba(0, 0, 0, 0)\" class=\"has-inline-color has-vivid-green-cyan-color\">S\u00e9minaire  class\u00e9 par INRAE comme <\/mark><\/strong><strong><mark style=\"background-color:rgba(0, 0, 0, 0)\" class=\"has-inline-color has-vivid-green-cyan-color\"><a rel=\"noreferrer noopener\" href=\"https:\/\/www6.versailles-grignon.inrae.fr\/psae\/Themes-de-recherche\/Faits-marquants-2022\" target=\"_blank\">fait marquant 2022<\/a> <\/mark><\/strong><\/p>\n\n\n\n<p class=\"has-text-align-center has-large-font-size\"><strong>Les pr\u00e9sentations des intervenant-e-s sont en ligne, pour y acc\u00e9der il suffit de cliquer sur le titre dans le <a href=\"#prog\">programme ci-dessous<\/a>.<\/strong><\/p>\n\n\n\n<p><a><\/a> \u00c1 l\u2019issue des deux premi\u00e8res d\u00e9cennies du mill\u00e9naire, pour relever les d\u00e9fis socio-environnementaux impos\u00e9s par le changement climatique dans la perspective d\u2019un d\u00e9veloppement r\u00e9ellement soutenable, \u00e9merge la question de l\u2019interconnexion entre les modalit\u00e9s de la transition \u00e9cologique que nous exp\u00e9rimentons et celles d\u2019une transition num\u00e9rique transversalement \u00e0 l\u2019\u0153uvre au sein des sph\u00e8res \u00e9conomiques, sociales et culturelles.<\/p>\n\n\n\n<p>D\u2019une part, la poursuite des objectifs du d\u00e9veloppement durable implique de revoir les strat\u00e9gies de d\u00e9veloppement \u00e9conomique et social, en repensant nos modes de production, de transport et de consommation afin de limiter notre empreinte environnementale et de mettre fin aux injustices qui en r\u00e9sultent.<\/p>\n\n\n\n<p>D\u2019autre part, les nouveaux modes de production, de consommation et de socialisation port\u00e9s par la transition num\u00e9rique viennent impacter les syst\u00e8mes complexes au sein desquels ces innovations technologiques \u00e9mergent, en particulier les cha\u00eenes d&rsquo;approvisionnement et les r\u00e9seaux sociaux, par une cr\u00e9ation de valeur davantage bas\u00e9e sur la production, la circulation et l\u2019analyse de donn\u00e9es que sur la production directe de biens, am\u00e9nit\u00e9s et services tant \u00e9conomiques que sociaux.<\/p>\n\n\n\n<p>Pour les Nations-Unies, la contribution des technologies de l\u2019information et de la communication (TIC) \u00e0 la poursuite des objectifs du d\u00e9veloppement durable s\u2019appuie sur la mise en place d&rsquo;infrastructures, la s\u00e9curisation des investissements, la promotion de l&rsquo;innovation et le <a href=\"https:\/\/www.itu.int\" data-type=\"URL\" data-id=\"https:\/\/www.itu.int\">d\u00e9veloppement de strat\u00e9gies inclusives<\/a>. Cependant, contrairement \u00e0 certains a priori, les TIC ne s\u2019av\u00e8rent pas toujours favorables \u00e0 un d\u00e9veloppement soutenable. Davantage d\u2019analyses circonstanci\u00e9es et des travaux plus approfondis sont n\u00e9cessaires pour appr\u00e9cier les impacts directs et indirects des TIC dans chacune des dimensions du d\u00e9veloppement durable (sociale, \u00e9conomique et environnementale).<\/p>\n\n\n\n<p>Dans le contexte d&rsquo;une d\u00e9gradation toujours plus manifeste de notre environnement sur laquelle est venue se greffer une pr\u00e9visible crise sanitaire, bon nombre d&rsquo;acteurs en appellent d\u00e9sormais \u00e0 une vie sociale, \u00e9conomique et culturelle, et un travail men\u00e9s \u00e0 distance&nbsp;: pour les uns, il s&rsquo;agirait de r\u00e9duire durablement notre empreinte environnementale, pour d&rsquo;autres de freiner l&rsquo;\u00e9mergence et la diffusion des variants du Sars-Cov2, responsable de la Covid19. Quelles sont les r\u00e9sistances et les r\u00e9siliences \u00e0 cette vie \u00e0 distance g\u00e9r\u00e9e au prix de la r\u00e9duction et parfois l&rsquo;appauvrissement des contacts humains&nbsp;?<\/p>\n\n\n\n<p>Cette journ\u00e9e d\u2019\u00e9tude Creis-Terminal se propose de mener une r\u00e9flexion sur <strong>les opportunit\u00e9s offertes, les limites impos\u00e9es et les r\u00e9sistances induites par cette vie \u00e0 distance en examinant compatibilit\u00e9s et incompatibilit\u00e9s entre transition num\u00e9rique et transition \u00e9cologique<\/strong>. Ainsi, cette journ\u00e9e d\u2019\u00e9tude s\u2019attachera notamment \u00e0 explorer les th\u00e9matiques suivantes&nbsp;:<\/p>\n\n\n\n<p id=\"prog\"><em><strong>9h30-10h45<\/strong><\/em> La transition num\u00e9rique implique une <strong>digitalisation \u00e0 marche forc\u00e9e de la soci\u00e9t\u00e9 <\/strong>: cela suppose plus de mat\u00e9riels, de logiciels, de r\u00e9seaux, de connexions donc plus d&rsquo;\u00e9nergie et de mati\u00e8res premi\u00e8res. <strong>Est-ce pleinement compatible avec la transition \u00e9cologique ?&nbsp;<\/strong><br><em>Conf\u00e9rencier&nbsp;:<\/em>Per Fors  (Ifip-TC9\/WG9.9), \u00ab<a rel=\"noreferrer noopener\" href=\"https:\/\/www.lecreis.org\/creis\/wp-content\/uploads\/The-Dark-Sides-of-Sustainable-ICTPerFors.pdf\" target=\"_blank\"><strong>The Dark Sides of Sustainable ICT: Cannibalism and Unequal Exchange of Environmental Destruction<\/strong><\/a>&nbsp;\u00bb <br><em>Intervenants&nbsp;:<\/em><br>. Erwann Fangeat  (Ademe), \u00ab<a href=\"https:\/\/www.lecreis.org\/creis\/wp-content\/uploads\/Impacts-environnementaux-des-services-numeriques_Fangeat_Creis-Terminal-220609.pdf\" target=\"_blank\" rel=\"noreferrer noopener\"><strong>Impact environnemental du num\u00e9rique en France<\/strong><\/a>&nbsp;\u00bb<br>. Adrien Haidar (Arcep), &nbsp;\u00ab<a rel=\"noreferrer noopener\" href=\"https:\/\/www.lecreis.org\/creis\/wp-content\/uploads\/Presentation-Enquete-annuelle-pour-un-numerique-soutenableAdrienHaidar.pdf\" target=\"_blank\"><strong>Collecter de la donn\u00e9e pour suivre l\u2019\u00e9volution de l\u2019impact environnemental du secteur ?<\/strong><\/a><a href=\"https:\/\/www.lecreis.org\/creis\/wp-content\/uploads\/Presentation-Enquete-annuelle-pour-un-numerique-soutenableAdrienHaidar.pdf\">&nbsp;<\/a>\u00bb<\/p>\n\n\n\n<p><em><strong>11h15-12h<\/strong><\/em><strong><em>30<\/em><\/strong> Transitions num\u00e9rique et \u00e9cologique partagent un grand app\u00e9tit (r\u00e9colte, traitement, production, commercialisation, \u2026) pour des donn\u00e9es de toute nature, en particulier individuelles. Au-del\u00e0 du R\u00e8glement g\u00e9n\u00e9ral sur la protection des donn\u00e9es de l&rsquo;Union europ\u00e9enne, <strong>faut-il fuir, r\u00e9sister, r\u00e9duire ou esquiver l&rsquo;envahissement du r\u00e9el par le virtuel ?<\/strong><br><em>Conf\u00e9rencier<\/em>&nbsp;: Franca Salis-Madinier (CFDT-Cadres), \u00ab&nbsp;<strong><a rel=\"noreferrer noopener\" href=\"https:\/\/www.lecreis.org\/creis\/wp-content\/uploads\/Artificial_Intelligence_Opportunities_and_Risks_Salismadinier_Cadres-CFDT_Creis-Terminal_20220609.pdf\" target=\"_blank\">IA en milieu professionnel<\/a>&nbsp;<\/strong>\u00bb<br><em>Intervenants&nbsp;:<\/em><br>.  Sarah Sandr\u00e9 ( IRIS, Membre du RIJCSS -R\u00e9seau jeunes chercheurs sant\u00e9 et soci\u00e9t\u00e9-&nbsp;, MSH Paris Nord), \u00ab&nbsp;<a rel=\"noreferrer noopener\" href=\"https:\/\/www.lecreis.org\/creis\/wp-content\/uploads\/Communication_Sarah_Sandre_JE_2022_CREIS.pdf\" target=\"_blank\"><strong>Data en sant\u00e9 et espace num\u00e9rique de sant\u00e9<\/strong><\/a>&nbsp;\u00bb<br>. Eric George (CRCIS \u2013 UQAM) \u00ab<strong><a href=\"https:\/\/www.lecreis.org\/creis\/wp-content\/uploads\/Presentation_CREIS_2022_Eric_George.pdf\" target=\"_blank\" rel=\"noreferrer noopener\"> Les centres de donn\u00e9es (Data Centers) et leur implantation g\u00e9ographique entre logiques \u00e9conomique et \u00e9cologique : Et la souverainet\u00e9 dans tout \u00e7a ? Analyse \u00e0 partir de l\u2019Irlande et du Qu\u00e9bec<\/a><\/strong>\u00bb<\/p>\n\n\n\n<p><em><strong>14h15-15h<\/strong><\/em><strong><em>30 <\/em><\/strong>Transitions num\u00e9rique et \u00e9cologique suscitent l&rsquo;une comme l&rsquo;autre un complexe d&rsquo;innovations technologiques dont les profils sont parfois disparates voire contradictoires&nbsp;: des technologies \u00e0 haute intensit\u00e9 capitalistique et forte valeur ajout\u00e9e (<em>High Tech<\/em>) telles que intelligence artificielle, reconnaissance faciale, ou communication satellitaire, aux innovations plus frugales en capital, sobres en \u00e9nergie, facilement appropriable, ou r\u00e9silientes au changement climatique (<em>Low-Tech<\/em>). <strong>Peut-on concilier voire articuler <em>High-Tech<\/em> et <em>Low-Tech<\/em> au sein de sentiers soutenables de d\u00e9veloppement pour abaisser notre empreinte environnementale ?<\/strong><br><em>Conf\u00e9rencier&nbsp;:&nbsp;<\/em>Anne Faure (France Strat\u00e9gie) et Claude Kirchner (Inria), \u00ab&nbsp;<a href=\"https:\/\/www.lecreis.org\/creis\/wp-content\/uploads\/220609_Interconnexionsnumeriqueecologique_condorcet_FS_INRIA_EN_CK.pdf\" target=\"_blank\" rel=\"noreferrer noopener\"><strong> Impact soci\u00e9tal et environnemental de l&rsquo;Internet des objets<\/strong><\/a>&nbsp;\u00bb.<br><em>Intervenants&nbsp;:<\/em><br>. Fabrice Flipo (Institut Mines Telecom), \u00ab<strong>&nbsp;<a href=\"https:\/\/www.lecreis.org\/creis\/wp-content\/uploads\/Flipo-Terminal-9-juin-2022.pdf\" target=\"_blank\" rel=\"noreferrer noopener\">L\u2019imp\u00e9ratif de la sobri\u00e9t\u00e9 num\u00e9rique<\/a><\/strong><a href=\"https:\/\/www.lecreis.org\/creis\/wp-content\/uploads\/Flipo-Terminal-9-juin-2022.pdf\">&nbsp;<\/a>\u00bb<\/p>\n\n\n\n<p><\/p>\n\n\n\n<p>Pour \u00e9changer sur ces questions, CREIS-Terminal et le LabSIC vous invitent \u00e0 participer \u00e0 cette journ\u00e9e d\u2019\u00e9tude organis\u00e9e autour d&rsquo;expos\u00e9s et de tables rondes abordant les th\u00e9matiques pr\u00e9cit\u00e9es&nbsp;sous des angles multiples : bilan social et environnemental, strat\u00e9gies d&rsquo;acteurs, ancrage territorial, dynamiques d&rsquo;innovation et de transition, appropriation de la connaissance, syst\u00e8mes d\u2019information extra-financi\u00e8re, instruments de r\u00e9gulation et gouvernance. L&rsquo;inscription est ouverte aux chercheurs, enseignants, associatifs, journalistes, et d&rsquo;autres personnes concern\u00e9s par les enjeux humains de cette double transition qu&rsquo;ils soient sanitaires, sociaux, \u00e9conomiques, ou culturels.<\/p>\n\n\n\n<p><strong>Responsables scientifiques&nbsp;<\/strong>: Dominique Carr\u00e9 (LabSIC, Universit\u00e9  Sorbonne Paris Nord), Dominique Desbois (AgroParisTech-Inrae, Universit\u00e9 Paris-Saclay).<\/p>\n\n\n\n<p><strong>R\u00e9f\u00e9rences<\/strong><\/p>\n\n\n\n<p>Ademe (2019) <em><a rel=\"noreferrer noopener\" href=\"https:\/\/librairie.ademe.fr\" target=\"_blank\">La face cach\u00e9e du num\u00e9rique<\/a><\/em>, 19 p. <br>Baschet J. (2021) <em>Basculements. Mondes \u00e9mergents possibles d\u00e9sirables<\/em>, La D\u00e9couverte, Paris, 256 p.<br>Carr\u00e9 D., Vidal G. (2018) <em>Hyperconnectivit\u00e9. Enjeux \u00e9conomiques, sociaux et environnementaux<\/em>, ISTE \u00e9ditions, Londres, 130 p.<br>Desbois D. (2020) <a rel=\"noreferrer noopener\" href=\"https:\/\/doi.org\/10.4000\/terminal.5634\" target=\"_blank\">Technologies biom\u00e9triques et libert\u00e9s individuelles \u00e0 l\u2019\u00e9preuve de la crise sanitaire<\/a>, <em>Terminal<\/em>, 127<br>Desbois D., Gossart C., Jullien N., Zimmermann J.B. (2010),<a rel=\"noreferrer noopener\" href=\"https:\/\/doi.org\/10.4000\/terminal.1793\" target=\"_blank\"> Le d\u00e9veloppement durable \u00e0 l\u2019\u00e9preuve des TIC, <em>Terminal <\/em>, 106-107<\/a><br>France Strat\u00e9gie (2022) Le monde de l\u2019Internet des objets : des dynamiques \u00e0 ma\u00eetriser, Kirchner Claude (dir.), 297 p.<br>Haut Conseil pour le Climat (2020) <em>Ma\u00eetriser l&rsquo;impact Carbone de la 5G<\/em>, 32 p<br>Iddri, FING, WWF France, GreenIT.fr (2018). <em>Livre blanc Num\u00e9rique et Environnement<\/em>, 34 p.<br>Gouvernement fran\u00e7ais (2021) <em>Feuille de route Num\u00e9rique &amp; Environnement<\/em>, 32 p.<br>Monnoyer-Smith L. (2017) Avant-propos. Transition num\u00e9rique et transition \u00e9cologique, <em>Annales des Mines &#8211; Responsabilit\u00e9 et environnement<\/em>, n\u00b0&nbsp;87, pp. 5-7.<br>Pitron G. (2019) <em>La guerre des m\u00e9taux rares<\/em>, Paris, Les Liens qui Lib\u00e8rent, 320 p.<br>The Shift Project (2020) <em>D\u00e9ployer la sobri\u00e9t\u00e9 num\u00e9rique<\/em>, 116 p.<br>Vidalenc E. (2019) <em>Pour une \u00e9cologie num\u00e9rique<\/em>, Les Petits Matins, 124 p.<br>Zuboff S. (2019) <em>The Age of Surveillance Capitalism<\/em>, Profile Books, 704 p.<\/p>\n\n\n\n<p> <br><\/p>\n\n\n\n<p class=\"has-regular-font-size\"><strong>Participation gratuite mais <a rel=\"noreferrer noopener\" href=\"http:\/\/www.lecreis.org\/?page_id=1104\" target=\"_blank\">inscription obligatoire<\/a>.<\/strong><\/p>\n","protected":false},"excerpt":{"rendered":"<p class=\"has-text-align-center has-regular-font-size\">Interconnexions entre transitions num\u00e9rique et \u00e9cologique<\/p>\n<p class=\"has-text-align-center\"><a href=\"https:\/\/www.lecreis.org\/creis\/wp-content\/uploads\/Interconnexion_between_numerical_ecological_transition-V2_revbis.pdf\" target=\"_blank\" rel=\"noreferrer noopener\">Interconnections between digital and ecological transitions<\/a><\/p>\n<p class=\"has-text-align-center has-regular-font-size\">Organis\u00e9e par Creis-Terminal, LabSIC de l&rsquo;Universit\u00e9 Sorbonne Paris Nord et Paris-Saclay Applied Economics d&rsquo;INRAE&#8211;AgroParisTech<\/p>\n<p class=\"has-text-align-center has-large-font-size\">S\u00e9minaire class\u00e9 par INRAE comme <a rel=\"noreferrer noopener\" href=\"https:\/\/www6.versailles-grignon.inrae.fr\/psae\/Themes-de-recherche\/Faits-marquants-2022\" target=\"_blank\">fait marquant 2022<\/a> <\/p>\n<p class=\"has-text-align-center has-large-font-size\">Les pr\u00e9sentations des &hellip; <\/p>\n<p><a class=\"more-link btn\" href=\"https:\/\/www.lecreis.org\/?p=3060\">Lire la suite<\/a><\/p>\n","protected":false},"author":4,"featured_media":0,"comment_status":"closed","ping_status":"open","sticky":false,"template":"","format":"standard","meta":{"footnotes":""},"categories":[96,8],"tags":[160,161],"class_list":["post-3060","post","type-post","status-publish","format-standard","hentry","category-annonces-evenements","category-journees_etude","tag-numerique","tag-transition-ecologique","item-wrap"],"_links":{"self":[{"href":"https:\/\/www.lecreis.org\/index.php?rest_route=\/wp\/v2\/posts\/3060","targetHints":{"allow":["GET"]}}],"collection":[{"href":"https:\/\/www.lecreis.org\/index.php?rest_route=\/wp\/v2\/posts"}],"about":[{"href":"https:\/\/www.lecreis.org\/index.php?rest_route=\/wp\/v2\/types\/post"}],"author":[{"embeddable":true,"href":"https:\/\/www.lecreis.org\/index.php?rest_route=\/wp\/v2\/users\/4"}],"replies":[{"embeddable":true,"href":"https:\/\/www.lecreis.org\/index.php?rest_route=%2Fwp%2Fv2%2Fcomments&post=3060"}],"version-history":[{"count":43,"href":"https:\/\/www.lecreis.org\/index.php?rest_route=\/wp\/v2\/posts\/3060\/revisions"}],"predecessor-version":[{"id":3418,"href":"https:\/\/www.lecreis.org\/index.php?rest_route=\/wp\/v2\/posts\/3060\/revisions\/3418"}],"wp:attachment":[{"href":"https:\/\/www.lecreis.org\/index.php?rest_route=%2Fwp%2Fv2%2Fmedia&parent=3060"}],"wp:term":[{"taxonomy":"category","embeddable":true,"href":"https:\/\/www.lecreis.org\/index.php?rest_route=%2Fwp%2Fv2%2Fcategories&post=3060"},{"taxonomy":"post_tag","embeddable":true,"href":"https:\/\/www.lecreis.org\/index.php?rest_route=%2Fwp%2Fv2%2Ftags&post=3060"}],"curies":[{"name":"wp","href":"https:\/\/api.w.org\/{rel}","templated":true}]}}