{"id":3249,"date":"2022-01-02T10:32:00","date_gmt":"2022-01-02T10:32:00","guid":{"rendered":"https:\/\/www.lecreis.org\/?p=3249"},"modified":"2022-10-03T21:03:02","modified_gmt":"2022-10-03T21:03:02","slug":"temoignage-andre-vitalis","status":"publish","type":"post","link":"https:\/\/www.lecreis.org\/?p=3249","title":{"rendered":"T\u00e9moignage Andr\u00e9 Vitalis"},"content":{"rendered":"\n<p><img loading=\"lazy\" decoding=\"async\" width=\"150\" height=\"186\" class=\"wp-image-3183\" style=\"width: 150px;\" src=\"https:\/\/www.lecreis.org\/creis\/wp-content\/uploads\/Andre\u0301-Vitalis.png\" alt=\"\" srcset=\"https:\/\/www.lecreis.org\/creis\/wp-content\/uploads\/Andre\u0301-Vitalis.png 359w, https:\/\/www.lecreis.org\/creis\/wp-content\/uploads\/Andre\u0301-Vitalis-241x300.png 241w\" sizes=\"auto, (max-width: 150px) 100vw, 150px\" \/><\/p>\n\n\n\n<p>Dipl\u00f4m\u00e9 de Sciences Po Paris, Docteur d\u2019Etat en Sciences politiques et habilit\u00e9 \u00e0 diriger des recherches en Sciences de l\u2019information et de la communication, Andr\u00e9 Vitalis a \u00e9t\u00e9 directeur du Centre d\u2019\u00e9tude des m\u00e9dias de l\u2019Universit\u00e9 de Bordeaux 3, de 1996 \u00e0 2005 et, pendant la m\u00eame p\u00e9riode, responsable de la formation doctorale en infocom. Il assure la co-direction d\u2019une collection \u00ab M\u00e9dias et nouvelles technologies \u00bb aux Editions Apog\u00e9e\/PUF. Depuis 1973, Andr\u00e9 Vitalis a enseign\u00e9 \u00e0 Bordeaux, auparavant \u00e0 l\u2019Universit\u00e9 de Nantes (1973\/1990) et de Rennes (1991\/1993), les th\u00e9ories de l\u2019information et de la communication, ainsi qu\u2019une approche socio-politique des m\u00e9dias centr\u00e9e sur leurs enjeux sociaux et leurs r\u00e9gulations. Andr\u00e9 Vitalis a aussi \u00e9t\u00e9 professeur-invit\u00e9 \u00e0 l\u2019Universit\u00e9 du Qu\u00e9bec \u00e0 Montr\u00e9al (1987\/1988) et a effectu\u00e9 des missions d\u2019enseignement au Maghreb, en Afrique de l\u2019Ouest, au Proche-Orient, en Chine et en Russie. Il a \u00e9t\u00e9 consultant aupr\u00e8s de la Commission nationale de l\u2019informatique et des libert\u00e9s (1987\/1994), du Conseil de l\u2019Europe (1995\/1996) et du Commissariat g\u00e9n\u00e9ral au plan (1998\/1999). Il est membre-fondateur du CREIS (Centre de coordination de la recherche et de l\u2019enseignement en informatique et soci\u00e9t\u00e9), du Centre fran\u00e7ais des m\u00e9dias et du Centre d\u2019\u00e9tudes sur la citoyennet\u00e9, l\u2019informatisation et les libert\u00e9s (CECIL), qu\u2019il pr\u00e9side depuis sa cr\u00e9ation en 2007 ; <br>https:\/\/mica.u-bordeaux-montaigne.fr\/andre-vitalis\/<\/p>\n\n\n\n<p><\/p>\n\n\n\n<figure class=\"wp-block-audio\"><audio controls src=\"https:\/\/www.lecreis.org\/creis\/wp-content\/uploads\/Andre\u0301-Vitalis.mp3\"><\/audio><\/figure>\n\n\n\n<p><\/p>\n\n\n\n<p><br><br><strong><mark style=\"background-color:rgba(0, 0, 0, 0)\" class=\"has-inline-color has-vivid-purple-color\"><a href=\"https:\/\/www.lecreis.org\/?p=3164\">Autres t\u00e9moignages<\/a><\/mark><\/strong><\/p>\n","protected":false},"excerpt":{"rendered":"<\/p>\n<p>Dipl\u00f4m\u00e9 de Sciences Po Paris, Docteur d\u2019Etat en Sciences politiques et habilit\u00e9 \u00e0 diriger des recherches en Sciences de l\u2019information et de la communication, Andr\u00e9 Vitalis a \u00e9t\u00e9 directeur du Centre d\u2019\u00e9tude des m\u00e9dias de l\u2019Universit\u00e9 de Bordeaux 3, de 1996 \u00e0 2005 et, pendant la m\u00eame p\u00e9riode, responsable de la formation doctorale en &hellip; <\/p>\n<p><a class=\"more-link btn\" href=\"https:\/\/www.lecreis.org\/?p=3249\">Lire la suite<\/a><\/p>\n","protected":false},"author":4,"featured_media":3183,"comment_status":"closed","ping_status":"open","sticky":false,"template":"","format":"standard","meta":{"footnotes":""},"categories":[72],"tags":[],"class_list":["post-3249","post","type-post","status-publish","format-standard","has-post-thumbnail","hentry","category-dossiers","item-wrap"],"_links":{"self":[{"href":"https:\/\/www.lecreis.org\/index.php?rest_route=\/wp\/v2\/posts\/3249","targetHints":{"allow":["GET"]}}],"collection":[{"href":"https:\/\/www.lecreis.org\/index.php?rest_route=\/wp\/v2\/posts"}],"about":[{"href":"https:\/\/www.lecreis.org\/index.php?rest_route=\/wp\/v2\/types\/post"}],"author":[{"embeddable":true,"href":"https:\/\/www.lecreis.org\/index.php?rest_route=\/wp\/v2\/users\/4"}],"replies":[{"embeddable":true,"href":"https:\/\/www.lecreis.org\/index.php?rest_route=%2Fwp%2Fv2%2Fcomments&post=3249"}],"version-history":[{"count":5,"href":"https:\/\/www.lecreis.org\/index.php?rest_route=\/wp\/v2\/posts\/3249\/revisions"}],"predecessor-version":[{"id":3355,"href":"https:\/\/www.lecreis.org\/index.php?rest_route=\/wp\/v2\/posts\/3249\/revisions\/3355"}],"wp:featuredmedia":[{"embeddable":true,"href":"https:\/\/www.lecreis.org\/index.php?rest_route=\/wp\/v2\/media\/3183"}],"wp:attachment":[{"href":"https:\/\/www.lecreis.org\/index.php?rest_route=%2Fwp%2Fv2%2Fmedia&parent=3249"}],"wp:term":[{"taxonomy":"category","embeddable":true,"href":"https:\/\/www.lecreis.org\/index.php?rest_route=%2Fwp%2Fv2%2Fcategories&post=3249"},{"taxonomy":"post_tag","embeddable":true,"href":"https:\/\/www.lecreis.org\/index.php?rest_route=%2Fwp%2Fv2%2Ftags&post=3249"}],"curies":[{"name":"wp","href":"https:\/\/api.w.org\/{rel}","templated":true}]}}