{"id":3251,"date":"2022-01-02T10:35:00","date_gmt":"2022-01-02T10:35:00","guid":{"rendered":"https:\/\/www.lecreis.org\/?p=3251"},"modified":"2022-10-03T21:04:37","modified_gmt":"2022-10-03T21:04:37","slug":"temoignage-eric-george","status":"publish","type":"post","link":"https:\/\/www.lecreis.org\/?p=3251","title":{"rendered":"T\u00e9moignage Eric George"},"content":{"rendered":"\n<p><img loading=\"lazy\" decoding=\"async\" width=\"150\" height=\"180\" class=\"wp-image-3185\" style=\"width: 150px;\" src=\"https:\/\/www.lecreis.org\/creis\/wp-content\/uploads\/E\u0301ric-George.png\" alt=\"\" srcset=\"https:\/\/www.lecreis.org\/creis\/wp-content\/uploads\/E\u0301ric-George.png 370w, https:\/\/www.lecreis.org\/creis\/wp-content\/uploads\/E\u0301ric-George-249x300.png 249w\" sizes=\"auto, (max-width: 150px) 100vw, 150px\" \/> <\/p>\n\n\n\n<p>\u00c9ric George est directeur du CRICIS, <em>Centre de recherche interuniversitaire sur<\/em> la communication, l&rsquo;information et la soci\u00e9t\u00e9, Professeur titulaire, \u00c9cole des m\u00e9dias, Universit\u00e9 du Qu\u00e9bec \u00e0 Montr\u00e9al, chercheur associ\u00e9, Maison des Sciences de l\u2019Homme (MSH) de Paris Nord, co-responsable du CR 33 sociologie de la communication de l\u2019Association internationale des sociologues de langue fran\u00e7aise (AISLF), co-\u00e9diteur de la revue tic&amp;soci\u00e9t\u00e9. <br>https:\/\/www.cricis.uqam.ca\/equipe\/george\/<\/p>\n\n\n\n<p><\/p>\n\n\n\n<figure class=\"wp-block-audio\"><audio controls src=\"https:\/\/www.lecreis.org\/creis\/wp-content\/uploads\/Eric-Gorge.mp3\"><\/audio><\/figure>\n\n\n\n<p><\/p>\n\n\n\n<p><br><br><strong><mark style=\"background-color:rgba(0, 0, 0, 0)\" class=\"has-inline-color has-vivid-purple-color\"><a href=\"https:\/\/www.lecreis.org\/?p=3164\">Autres t\u00e9moignages<\/a><\/mark><\/strong><\/p>\n","protected":false},"excerpt":{"rendered":"<\/p>\n<p>\u00c9ric George est directeur du CRICIS, Centre de recherche interuniversitaire sur la communication, l&rsquo;information et la soci\u00e9t\u00e9, Professeur titulaire, \u00c9cole des m\u00e9dias, Universit\u00e9 du Qu\u00e9bec \u00e0 Montr\u00e9al, chercheur associ\u00e9, Maison des Sciences de l\u2019Homme (MSH) de Paris Nord, co-responsable du CR 33 sociologie de la communication de l\u2019Association internationale des sociologues de langue &hellip; <\/p>\n<p><a class=\"more-link btn\" href=\"https:\/\/www.lecreis.org\/?p=3251\">Lire la suite<\/a><\/p>\n","protected":false},"author":4,"featured_media":3185,"comment_status":"closed","ping_status":"open","sticky":false,"template":"","format":"standard","meta":{"footnotes":""},"categories":[72],"tags":[163],"class_list":["post-3251","post","type-post","status-publish","format-standard","has-post-thumbnail","hentry","category-dossiers","tag-informatique-et-societe","item-wrap"],"_links":{"self":[{"href":"https:\/\/www.lecreis.org\/index.php?rest_route=\/wp\/v2\/posts\/3251","targetHints":{"allow":["GET"]}}],"collection":[{"href":"https:\/\/www.lecreis.org\/index.php?rest_route=\/wp\/v2\/posts"}],"about":[{"href":"https:\/\/www.lecreis.org\/index.php?rest_route=\/wp\/v2\/types\/post"}],"author":[{"embeddable":true,"href":"https:\/\/www.lecreis.org\/index.php?rest_route=\/wp\/v2\/users\/4"}],"replies":[{"embeddable":true,"href":"https:\/\/www.lecreis.org\/index.php?rest_route=%2Fwp%2Fv2%2Fcomments&post=3251"}],"version-history":[{"count":4,"href":"https:\/\/www.lecreis.org\/index.php?rest_route=\/wp\/v2\/posts\/3251\/revisions"}],"predecessor-version":[{"id":3357,"href":"https:\/\/www.lecreis.org\/index.php?rest_route=\/wp\/v2\/posts\/3251\/revisions\/3357"}],"wp:featuredmedia":[{"embeddable":true,"href":"https:\/\/www.lecreis.org\/index.php?rest_route=\/wp\/v2\/media\/3185"}],"wp:attachment":[{"href":"https:\/\/www.lecreis.org\/index.php?rest_route=%2Fwp%2Fv2%2Fmedia&parent=3251"}],"wp:term":[{"taxonomy":"category","embeddable":true,"href":"https:\/\/www.lecreis.org\/index.php?rest_route=%2Fwp%2Fv2%2Fcategories&post=3251"},{"taxonomy":"post_tag","embeddable":true,"href":"https:\/\/www.lecreis.org\/index.php?rest_route=%2Fwp%2Fv2%2Ftags&post=3251"}],"curies":[{"name":"wp","href":"https:\/\/api.w.org\/{rel}","templated":true}]}}