{"id":3264,"date":"2022-09-23T16:57:17","date_gmt":"2022-09-23T16:57:17","guid":{"rendered":"https:\/\/www.lecreis.org\/?p=3264"},"modified":"2025-05-19T17:41:47","modified_gmt":"2025-05-19T17:41:47","slug":"debat-en-ligne-quelques-perspectives-juridiques-sur-la-gestion-algorithmique-du-travail","status":"publish","type":"post","link":"https:\/\/www.lecreis.org\/?p=3264","title":{"rendered":"D\u00e9bat en ligne :  Quelques perspectives juridiques sur la gestion algorithmique du travail"},"content":{"rendered":"\n<p class=\"has-large-font-size\"><strong>Creis-Terminal<\/strong> vous propose un <\/p>\n\n\n\n<p class=\"has-large-font-size\"><strong>d\u00e9bat en ligne le <mark style=\"background-color:rgba(0, 0, 0, 0)\" class=\"has-inline-color has-vivid-green-cyan-color\">7 octobre de 18h \u00e0 19h30<\/mark> <\/strong><\/p>\n\n\n\n<p class=\"has-large-font-size\">sur le th\u00e8me de la<strong> <mark style=\"background-color:rgba(0, 0, 0, 0)\" class=\"has-inline-color has-vivid-red-color\">gestion algorithmique du travail<\/mark><\/strong><\/p>\n\n\n\n<p class=\"has-large-font-size\">pr\u00e9sent\u00e9 par <strong>Kieran Van den Bergh<\/strong>, doctorant en droit priv\u00e9 rattach\u00e9 au COMPTRASEC et travaillant sur \u00ab&nbsp;<em>Les mutations du travail au prisme du num\u00e9rique<\/em>&nbsp;\u00bb sous la direction&nbsp;d\u2019Isabelle&nbsp;Daugareil.<\/p>\n\n\n\n<p class=\"has-large-font-size\">Il sera anim\u00e9 par <strong>Damien Bondat<\/strong>, Maitre de conf\u00e9rences en droit priv\u00e9 et mod\u00e9r\u00e9 par <strong>Anne Gagnebien<\/strong>, Maitresse de conf\u00e9rences en Sciences de l\u2019information et de la communication et membre du conseil d\u2019administration du Creis-Terminal, et <strong>Jean-Marc Jullien<\/strong>, doctorant \u00e0 l\u2019IMSIC (Universit\u00e9 de Toulon).<\/p>\n\n\n\n<p class=\"has-large-font-size\"><strong><mark style=\"background-color:rgba(0, 0, 0, 0)\" class=\"has-inline-color has-vivid-red-color\">Pr\u00e9sentation du d\u00e9bat<\/mark><\/strong><\/p>\n\n\n\n<p class=\"has-large-font-size\">La \u00ab&nbsp;gestion algorithmique du travail&nbsp;\u00bb est un terme parapluie qui d\u00e9signe l\u2019utilisation de syst\u00e8mes num\u00e9riques servant \u00e0 organiser et contr\u00f4ler des travailleurs. Ces syst\u00e8mes sont plus ou moins invasifs et sophistiqu\u00e9s mais supposent toujours la \u00ab&nbsp;captation&nbsp;\u00bb puis \u00ab&nbsp;l\u2019exploitation&nbsp;\u00bb de donn\u00e9es num\u00e9riques sur le travail effectu\u00e9. Or, depuis une perspective juridique, chacune des \u00e9tapes techniques que pr\u00e9suppose la captation puis l\u2019exploitation subs\u00e9quente de ces donn\u00e9es pose difficult\u00e9. Il est en effet impossible de capter des donn\u00e9es sur le travail effectu\u00e9 sans en capter tout autant sur la personne du travailleur qui l\u2019ex\u00e9cute. De plus, les relations de travail pr\u00e9supposent g\u00e9n\u00e9ralement des rapports contractuels qui sont par essence in\u00e9galitaires. Le risque de d\u00e9rives est donc significatif. Qu\u2019il s\u2019agisse de la protection des donn\u00e9es \u00e0 caract\u00e8re personnel ou de la d\u00e9fense de la condition humaine au travail, la gestion algorithmique du travail met au d\u00e9fi les cadres juridiques classiques. Le contexte actuel veut par ailleurs que de telles donn\u00e9es soient avant tout mises en \u00ab&nbsp;libre circulation&nbsp;\u00bb en sachant que le droit du travail est de plus en plus consid\u00e9r\u00e9 comme un obstacle qu\u2019il faudrait contourner. C\u2019est \u00e0 ce titre qu\u2019il sera int\u00e9ressant d\u2019interroger les promesses ainsi que les limites du cadre juridique applicable. En premier lieu le contexte des relations de travail dites \u00ab&nbsp;salari\u00e9es&nbsp;\u00bb sera abord\u00e9 puis&nbsp;le cas, plus probl\u00e9matique, des relations de travail qui passent par des plateformes num\u00e9riques que le l\u00e9gislateur semble vouloir exclure du droit du travail. &nbsp;&nbsp;&nbsp;<\/p>\n\n\n\n<p class=\"has-large-font-size\"><strong><mark style=\"background-color:rgba(0, 0, 0, 0)\" class=\"has-inline-color has-vivid-purple-color\">Lien visio\u00a0<\/mark><\/strong>: <\/p>\n\n\n\n<p class=\"has-regular-font-size\">https:\/\/us02web.zoom.us\/j\/81234975021?pwd=SUJFQWN3OVJwQm9TajhGWUlsbGZiZz09<\/p>\n\n\n\n<p class=\"has-regular-font-size\">ID de r\u00e9union&nbsp;: 812 3497 5021<\/p>\n\n\n\n<p class=\"has-regular-font-size\">Code: 397022<\/p>\n","protected":false},"excerpt":{"rendered":"<p class=\"has-large-font-size\">Creis-Terminal vous propose un <\/p>\n<p class=\"has-large-font-size\">d\u00e9bat en ligne le 7 octobre de 18h \u00e0 19h30 <\/p>\n<p class=\"has-large-font-size\">sur le th\u00e8me de la gestion algorithmique du travail<\/p>\n<p class=\"has-large-font-size\">pr\u00e9sent\u00e9 par Kieran Van den Bergh, doctorant en droit priv\u00e9 rattach\u00e9 au COMPTRASEC et travaillant sur \u00ab&nbsp;Les mutations du travail au prisme du num\u00e9rique&nbsp;\u00bb sous la &hellip; <\/p>\n<p><a class=\"more-link btn\" href=\"https:\/\/www.lecreis.org\/?p=3264\">Lire la suite<\/a><\/p>\n","protected":false},"author":4,"featured_media":0,"comment_status":"closed","ping_status":"open","sticky":false,"template":"","format":"standard","meta":{"footnotes":""},"categories":[8],"tags":[117,35,100],"class_list":["post-3264","post","type-post","status-publish","format-standard","hentry","category-journees_etude","tag-algorithmes","tag-travail","tag-travail-et-tic","item-wrap"],"_links":{"self":[{"href":"https:\/\/www.lecreis.org\/index.php?rest_route=\/wp\/v2\/posts\/3264","targetHints":{"allow":["GET"]}}],"collection":[{"href":"https:\/\/www.lecreis.org\/index.php?rest_route=\/wp\/v2\/posts"}],"about":[{"href":"https:\/\/www.lecreis.org\/index.php?rest_route=\/wp\/v2\/types\/post"}],"author":[{"embeddable":true,"href":"https:\/\/www.lecreis.org\/index.php?rest_route=\/wp\/v2\/users\/4"}],"replies":[{"embeddable":true,"href":"https:\/\/www.lecreis.org\/index.php?rest_route=%2Fwp%2Fv2%2Fcomments&post=3264"}],"version-history":[{"count":5,"href":"https:\/\/www.lecreis.org\/index.php?rest_route=\/wp\/v2\/posts\/3264\/revisions"}],"predecessor-version":[{"id":3323,"href":"https:\/\/www.lecreis.org\/index.php?rest_route=\/wp\/v2\/posts\/3264\/revisions\/3323"}],"wp:attachment":[{"href":"https:\/\/www.lecreis.org\/index.php?rest_route=%2Fwp%2Fv2%2Fmedia&parent=3264"}],"wp:term":[{"taxonomy":"category","embeddable":true,"href":"https:\/\/www.lecreis.org\/index.php?rest_route=%2Fwp%2Fv2%2Fcategories&post=3264"},{"taxonomy":"post_tag","embeddable":true,"href":"https:\/\/www.lecreis.org\/index.php?rest_route=%2Fwp%2Fv2%2Ftags&post=3264"}],"curies":[{"name":"wp","href":"https:\/\/api.w.org\/{rel}","templated":true}]}}