{"id":336,"date":"2010-01-01T14:37:20","date_gmt":"2010-01-01T14:37:20","guid":{"rendered":"http:\/\/www.lecreis.org\/creis\/?p=336"},"modified":"2011-08-30T10:58:02","modified_gmt":"2011-08-30T10:58:02","slug":"publications","status":"publish","type":"post","link":"https:\/\/www.lecreis.org\/?p=336","title":{"rendered":"Publications"},"content":{"rendered":"<p>Publications du CREIS<\/p>\n<p>Les          diff\u00e9rentes publications cit\u00e9es ci-dessous sont disponibles au Centre          de documentation du CREIS.<\/p>\n<ul>\n<li>Annuaire              europ\u00e9en des chercheurs et enseignants en Informatique et Soci\u00e9t\u00e9, juin 1998.<\/li>\n<li>Actes              des Universit\u00e9s d\u2019Et\u00e9 organis\u00e9es par le CREIS, \u00ab\u00a0Informatique, Communication              et Soci\u00e9t\u00e9\u00a0\u00bb, Editions l\u2019Harmattan, 1993.<\/li>\n<li>Th\u00e9saurus              \u00ab\u00a0Informatique et Soci\u00e9t\u00e9\u00a0\u00bb, bulletin du CREIS, Num\u00e9ro Sp\u00e9cial,              juin 1992.<\/li>\n<li><a href=\"http:\/\/www.lecreis.org\/creis\/?cat=26\">Les            bulletins du CREIS<\/a><\/li>\n<\/ul>\n<p>ACTES            DES COLLOQUES DU CREIS :<\/p>\n<ul>\n<li><a title=\"Actes du 15\u00e8me colloque CREIS-TERMINAL \u2013 Les libert\u00e9s \u00e0 l\u2019\u00e9preuve de l\u2019informatique Fichage et contr\u00f4le social- juin 2010\" href=\"http:\/\/www.lecreis.org\/creis\/?p=180\">Les libert\u00e9s \u00e0 l\u2019\u00e9preuve de l\u2019informatique Fichage et contr\u00f4le social \u00ab\u00a0,<\/a> Paris, 2010<\/li>\n<li><a title=\"Actes du 14\u00e8me colloque I &amp; S 2007 \u2013 De l\u2019ins\u00e9curit\u00e9 num\u00e9rique \u00e0 la vuln\u00e9rabilit\u00e9 de la soci\u00e9t\u00e9\" href=\"http:\/\/www.lecreis.org\/creis\/?p=186\">\u00ab\u00a0De l&rsquo;ins\u00e9curit\u00e9 num\u00e9rique \u00e0 la vuln\u00e9rabilit\u00e9 de la soci\u00e9t\u00e9 \u00ab\u00a0, <\/a>Paris, 2007<\/li>\n<li> \u00ab\u00a0<a title=\"Actes du 13\u00e8 colloque de CREIS\/Terminal \u2013 Soci\u00e9t\u00e9 de l\u2019information, Soci\u00e9t\u00e9 du contr\u00f4le ?\" href=\"http:\/\/www.lecreis.org\/creis\/?p=188\">Soci\u00e9t\u00e9              de l&rsquo;information, soci\u00e9t\u00e9 du contr\u00f4le? \u00e9volution                    de la critique de l&rsquo;informatisation, <\/a>Paris, 2004<\/li>\n<li><a title=\"ACTES du 12\u00e8me Colloque europ\u00e9en en I &amp; S \u2013 Paris, 28-30 mars 2000\" href=\"http:\/\/www.lecreis.org\/creis\/?p=191\">\u00ab\u00a0T\u00e9l\u00e9services                        publics : usage et citoyennet\u00e9\u00a0\u00bb, <\/a>Paris 2001.<\/li>\n<li><a title=\"ACTES du 11\u00e8me Colloque Europ\u00e9en en Informatique et Soci\u00e9t\u00e9\" href=\"http:\/\/www.lecreis.org\/creis\/?p=194\">\u00a0\u00bb              Informatisation et anticipations : entre promesses et r\u00e9alisations\u00a0\u00bb, <\/a>Strasbourg 1998.<\/li>\n<\/ul>\n<ul>\u00ab\u00a0Responsabilit\u00e9s                        sociales et formation des acteurs de l\u2019informatisation\u00a0\u00bb, Namur 1995.<br \/>\n\u00ab\u00a0Chances                        et risques de l\u2019informatisation dans l\u2019Europe de demain\u00a0\u00bb, Paris 1992.<br \/>\n\u00ab\u00a0Informatique                        et Libert\u00e9s : nouvelles menaces, nouvelles solutions\u00a0\u00bb, Nantes                        1990.<br \/>\n\u00ab\u00a0Repr\u00e9sentation                        du R\u00e9el et Informatisation\u00a0\u00bb, St-Etienne 1988.<br \/>\n\u00ab\u00a0Histoire                        et Epist\u00e9mologie de l\u2019informatique\u00a0\u00bb, Paris 1986.<br \/>\n\u00ab\u00a0Enseignement                        et Informatique\u00a0\u00bb, Compi\u00e8gne 1984.<br \/>\n\u00ab\u00a0Alternatives                        en Informatique\u00a0\u00bb, Nancy 1983.<br \/>\n\u00ab\u00a0Information                        et Informatique\u00a0\u00bb, Lyon 1982.<br \/>\n\u00ab\u00a0Informatique                        et conditions de travail\u00a0\u00bb, Toulouse 1981.<br \/>\n\u00ab\u00a0Informatique                        et Libert\u00e9s\u00a0\u00bb, Nantes 1979.<br \/>\n\u00ab\u00a0R\u00e9flexions                  p\u00e9dagogiques et constitution du groupe\u00a0\u00bb, Paris 1979.<\/ul>\n<p>&nbsp;<\/p>\n","protected":false},"excerpt":{"rendered":"<p>Publications du CREIS<\/p>\n<p>Les diff\u00e9rentes publications cit\u00e9es ci-dessous sont disponibles au Centre de documentation du CREIS.<\/p>\n<ul>\n<li>Annuaire europ\u00e9en des chercheurs et enseignants en Informatique et Soci\u00e9t\u00e9, juin 1998.<\/li>\n<li>Actes des Universit\u00e9s d\u2019Et\u00e9 organis\u00e9es par le CREIS, \u00ab\u00a0Informatique, Communication et Soci\u00e9t\u00e9\u00a0\u00bb, Editions l\u2019Harmattan, 1993.<\/li>\n<li>Th\u00e9saurus \u00ab\u00a0Informatique et Soci\u00e9t\u00e9\u00a0\u00bb, bulletin du CREIS, Num\u00e9ro Sp\u00e9cial, juin 1992.<\/li>\n<p> &hellip; <\/p>\n<p><a class=\"more-link btn\" href=\"https:\/\/www.lecreis.org\/?p=336\">Lire la suite<\/a><\/p>\n<\/ul>\n","protected":false},"author":4,"featured_media":0,"comment_status":"open","ping_status":"open","sticky":false,"template":"","format":"standard","meta":{"footnotes":""},"categories":[10,26],"tags":[],"class_list":["post-336","post","type-post","status-publish","format-standard","hentry","category-autres_activites","category-publications","item-wrap"],"_links":{"self":[{"href":"https:\/\/www.lecreis.org\/index.php?rest_route=\/wp\/v2\/posts\/336","targetHints":{"allow":["GET"]}}],"collection":[{"href":"https:\/\/www.lecreis.org\/index.php?rest_route=\/wp\/v2\/posts"}],"about":[{"href":"https:\/\/www.lecreis.org\/index.php?rest_route=\/wp\/v2\/types\/post"}],"author":[{"embeddable":true,"href":"https:\/\/www.lecreis.org\/index.php?rest_route=\/wp\/v2\/users\/4"}],"replies":[{"embeddable":true,"href":"https:\/\/www.lecreis.org\/index.php?rest_route=%2Fwp%2Fv2%2Fcomments&post=336"}],"version-history":[{"count":10,"href":"https:\/\/www.lecreis.org\/index.php?rest_route=\/wp\/v2\/posts\/336\/revisions"}],"predecessor-version":[{"id":969,"href":"https:\/\/www.lecreis.org\/index.php?rest_route=\/wp\/v2\/posts\/336\/revisions\/969"}],"wp:attachment":[{"href":"https:\/\/www.lecreis.org\/index.php?rest_route=%2Fwp%2Fv2%2Fmedia&parent=336"}],"wp:term":[{"taxonomy":"category","embeddable":true,"href":"https:\/\/www.lecreis.org\/index.php?rest_route=%2Fwp%2Fv2%2Fcategories&post=336"},{"taxonomy":"post_tag","embeddable":true,"href":"https:\/\/www.lecreis.org\/index.php?rest_route=%2Fwp%2Fv2%2Ftags&post=336"}],"curies":[{"name":"wp","href":"https:\/\/api.w.org\/{rel}","templated":true}]}}