{"id":3388,"date":"2023-01-12T18:09:15","date_gmt":"2023-01-12T18:09:15","guid":{"rendered":"https:\/\/www.lecreis.org\/?p=3388"},"modified":"2025-05-19T17:40:47","modified_gmt":"2025-05-19T17:40:47","slug":"debat-big-data-ia-et-algorithmes-quels-roles-dans-les-transformations-des-industries-audiovisuelles-quels-enseignements-en-matiere-de-capitalisme-de-surveillance","status":"publish","type":"post","link":"https:\/\/www.lecreis.org\/?p=3388","title":{"rendered":"D\u00e9bat : <strong>Big data, IA et algorithmes : quels r\u00f4les dans les transformations des industries audiovisuelles ? Quels enseignements en mati\u00e8re de capitalisme de surveillance ?\u00a0<\/strong>"},"content":{"rendered":"\n<p class=\"has-large-font-size\"><strong>9 mars<\/strong> 18h-19h30,<strong><mark style=\"background-color:rgba(0, 0, 0, 0)\" class=\"has-inline-color has-vivid-red-color\">En ligne<\/mark><\/strong> <\/p>\n\n\n\n<p><\/p>\n\n\n\n<p>Intervenant : <a rel=\"noreferrer noopener\" href=\"https:\/\/ericgeorge.uqam.ca\/\" target=\"_blank\"><strong>Eric George<\/strong>,<\/a> Professeur titulaire, \u00c9cole&nbsp;des m\u00e9dias, Facult\u00e9 de&nbsp;communication, UQAM, Directeur, Centre de recherche&nbsp;interuniversitaire sur la&nbsp;communication, l\u2019information et la soci\u00e9t\u00e9 (CRICIS), Co\u00e9diteur, <a rel=\"noreferrer noopener\" href=\"https:\/\/journals.openedition.org\/ticetsociete\/\" target=\"_blank\">revue&nbsp;tic&amp;soci\u00e9t\u00e9<\/a>,&nbsp;Coresponsable, CR 33 Sociologie de la communication,&nbsp;AISLF, Chercheur associ\u00e9, MSH de Paris-Nord et Membre de CREIS-TERMINAL<\/p>\n\n\n\n<p> Animation et discutant : <a rel=\"noreferrer noopener\" href=\"http:\/\/www.davidfayon.fr\" target=\"_blank\"><strong>David Fayon<\/strong><\/a>, Responsable Ecosyst\u00e8me Innovation \u00e0 La Poste, auteur d&rsquo;ouvrages sur le num\u00e9rique, Membre du Conseil d&rsquo;Administation de CREIS-TERMINAL<\/p>\n\n\n\n<p>Dans le cadre d\u2019un projet de recherche financ\u00e9 par le Conseil de recherches en sciences humaines (CRSH), nous \u00e9tudions la place et les r\u00f4les pris par plusieurs plateformes dans le secteur audiovisuel : quatre plateformes majeures \u00e0 dimension internationale, Netflix, Amazon, Disney et Apple, ainsi que quatre plateformes issues de trois entreprises de tailles plus modestes dont les activit\u00e9s se d\u00e9ploient \u00e0 l\u2019\u00e9chelle canadienne, soit Bell (avec son service Crave en anglais et en fran\u00e7ais), Qu\u00e9becor (avec son service en fran\u00e7ais Club Illico) et Radio-Canada (avec les services <a rel=\"noreferrer noopener\" href=\"http:\/\/Tou.tv\" target=\"_blank\">Tou.tv<\/a> en fran\u00e7ais et Gem en anglais). Dans le cadre de cette pr\u00e9sentation, nous proposons de nous&nbsp;interroger sur les usages du big data (ou m\u00e9gadonn\u00e9es), de&nbsp;\u00ab&nbsp;l\u2019intelligence artificielle&nbsp;\u00bb et des algorithmes par ces plateformes audiovisuelles. Pour ce faire, nous avons privil\u00e9gi\u00e9 une&nbsp;analyse contrastive en mettant en \u00e9vidence plusieurs \u00e9l\u00e9ments qui, \u00e0 propos de l\u2019\u00ab&nbsp;intelligence artificielle&nbsp;\u00bb renvoient \u00e0 penser qu\u2019en termes de culture et de m\u00e9dias, nous sommes toujours entre continuit\u00e9s et \u00e9mergences, sans oublier d\u2019\u00e9ventuelles ruptures. Dans le cadre de ce webinaire, nous nous focaliserons outre les opportunit\u00e9s offertes par les plateformes sur les risques li\u00e9es \u00e0 l\u2019exploitation des donn\u00e9es personnelles.<\/p>\n\n\n\n<p class=\"has-large-font-size\"><strong><mark style=\"background-color:rgba(0, 0, 0, 0)\" class=\"has-inline-color has-vivid-purple-color\">La pr\u00e9sentation d&rsquo;Eric Georges lors de ce d\u00e9bat est <a href=\"https:\/\/www.lecreis.org\/creis\/wp-content\/uploads\/20230309debatCREIS_EGeorge.pdf\" target=\"_blank\" rel=\"noreferrer noopener\">ici<\/a>.<\/mark><\/strong><\/p>\n","protected":false},"excerpt":{"rendered":"<p class=\"has-large-font-size\">9 mars 18h-19h30,En ligne <\/p>\n<\/p>\n<p>Intervenant : <a rel=\"noreferrer noopener\" href=\"https:\/\/ericgeorge.uqam.ca\/\" target=\"_blank\">Eric George,<\/a> Professeur titulaire, \u00c9cole&nbsp;des m\u00e9dias, Facult\u00e9 de&nbsp;communication, UQAM, Directeur, Centre de recherche&nbsp;interuniversitaire sur la&nbsp;communication, l\u2019information et la soci\u00e9t\u00e9 (CRICIS), Co\u00e9diteur, <a rel=\"noreferrer noopener\" href=\"https:\/\/journals.openedition.org\/ticetsociete\/\" target=\"_blank\">revue&nbsp;tic&amp;soci\u00e9t\u00e9<\/a>,&nbsp;Coresponsable, CR 33 Sociologie de la communication,&nbsp;AISLF, Chercheur associ\u00e9, MSH de Paris-Nord et Membre de CREIS-TERMINAL<\/p>\n<p> &hellip; <\/p>\n<p><a class=\"more-link btn\" href=\"https:\/\/www.lecreis.org\/?p=3388\">Lire la suite<\/a><\/p>\n","protected":false},"author":4,"featured_media":0,"comment_status":"closed","ping_status":"open","sticky":false,"template":"","format":"standard","meta":{"footnotes":""},"categories":[8],"tags":[117,121,53,170,171],"class_list":["post-3388","post","type-post","status-publish","format-standard","hentry","category-journees_etude","tag-algorithmes","tag-big-data","tag-donnees-personnelles","tag-ia","tag-industries-audiovisuelles","item-wrap"],"_links":{"self":[{"href":"https:\/\/www.lecreis.org\/index.php?rest_route=\/wp\/v2\/posts\/3388","targetHints":{"allow":["GET"]}}],"collection":[{"href":"https:\/\/www.lecreis.org\/index.php?rest_route=\/wp\/v2\/posts"}],"about":[{"href":"https:\/\/www.lecreis.org\/index.php?rest_route=\/wp\/v2\/types\/post"}],"author":[{"embeddable":true,"href":"https:\/\/www.lecreis.org\/index.php?rest_route=\/wp\/v2\/users\/4"}],"replies":[{"embeddable":true,"href":"https:\/\/www.lecreis.org\/index.php?rest_route=%2Fwp%2Fv2%2Fcomments&post=3388"}],"version-history":[{"count":10,"href":"https:\/\/www.lecreis.org\/index.php?rest_route=\/wp\/v2\/posts\/3388\/revisions"}],"predecessor-version":[{"id":3423,"href":"https:\/\/www.lecreis.org\/index.php?rest_route=\/wp\/v2\/posts\/3388\/revisions\/3423"}],"wp:attachment":[{"href":"https:\/\/www.lecreis.org\/index.php?rest_route=%2Fwp%2Fv2%2Fmedia&parent=3388"}],"wp:term":[{"taxonomy":"category","embeddable":true,"href":"https:\/\/www.lecreis.org\/index.php?rest_route=%2Fwp%2Fv2%2Fcategories&post=3388"},{"taxonomy":"post_tag","embeddable":true,"href":"https:\/\/www.lecreis.org\/index.php?rest_route=%2Fwp%2Fv2%2Ftags&post=3388"}],"curies":[{"name":"wp","href":"https:\/\/api.w.org\/{rel}","templated":true}]}}