{"id":3584,"date":"2024-06-01T20:40:51","date_gmt":"2024-06-01T20:40:51","guid":{"rendered":"https:\/\/www.lecreis.org\/?p=3584"},"modified":"2024-06-01T20:40:52","modified_gmt":"2024-06-01T20:40:52","slug":"proposition-de-loi-ingerences-etrangeres-une-nouvelle-etape-dans-lescalade-securitaire","status":"publish","type":"post","link":"https:\/\/www.lecreis.org\/?p=3584","title":{"rendered":"Proposition de loi \u00ab\u00a0ing\u00e9rences\u00a0\u00e9trang\u00e8res\u00a0\u00bb,\u00a0une nouvelle \u00e9tape dans l&rsquo;escalade s\u00e9curitaire"},"content":{"rendered":"\n<p><strong>L&rsquo;Observatoire des Libert\u00e9s et du Num\u00e9rique*&nbsp;demande aux&nbsp;parlementaires&nbsp;de&nbsp;s&rsquo;opposer \u00e0 l&rsquo;extension des finalit\u00e9s des bo\u00eetes noires de renseignement&nbsp;inscrite&nbsp;dans&nbsp;la&nbsp;proposition de&nbsp;loi \u00ab\u00a0ing\u00e9rences \u00e9trang\u00e8res\u00a0\u00bb.<\/strong><\/p>\n\n\n\n<p><strong>\u00ab\u00a0L&rsquo;ing\u00e9rence \u00e9trang\u00e8re\u00a0\u00bb, un \u00e9ni\u00e8me pr\u00e9texte \u00e0 l&rsquo;extension de la surveillance de masse<\/strong><\/p>\n\n\n\n<p>La &nbsp;proposition loi \u00ab\u00a0<strong><a href=\"https:\/\/www.senat.fr\/dossier-legislatif\/ppl23-479.html\" target=\"_blank\" rel=\"noreferrer noopener\">Pr\u00e9venir les ing\u00e9rences \u00e9trang\u00e8res en France<\/a><\/strong>\u00ab\u00a0, pr\u00e9sent\u00e9e par le d\u00e9put\u00e9 Sacha Houli\u00e9 avec le soutien du camp pr\u00e9sidentiel, a \u00e9t\u00e9 adopt\u00e9e&nbsp;par l&rsquo;Assembl\u00e9e Nationale (27 mars) et le S\u00e9nat (22 mai)&nbsp;avec le soutien des partis&nbsp;Les&nbsp;R\u00e9publicains et&nbsp;Rassemblement national &#8211; alli\u00e9s naturels du gouvernement pour les lois s\u00e9curitaires, mais ici, avec&nbsp;<a href=\"https:\/\/www.assemblee-nationale.fr\/dyn\/16\/scrutins\/3587\" target=\"_blank\" rel=\"noreferrer noopener\">\u00e9galement&nbsp;le soutien du&nbsp;PS&nbsp;et d&rsquo;EELV<\/a>.<\/p>\n\n\n\n<p>L&rsquo;objectif affich\u00e9 de cette loi est de limiter les intrusions d&rsquo;autres Etats via l&rsquo;espionnage et les manipulations pour contraindre les int\u00e9r\u00eats g\u00e9opolitiques de la France. Mais, alors que le gouvernement dispose d\u00e9j\u00e0 de nombreux outils pour \u00e9viter ces intrusions, ce texte fra\u00eechement adopt\u00e9 ne peut qu&rsquo;inqui\u00e9ter.<\/p>\n\n\n\n<p>En effet, ces dispositions pourraient avoir pour cons\u00e9quence de soumettre des associations d&rsquo;int\u00e9r\u00eat public&nbsp;\u0153uvrant pour l&rsquo;int\u00e9r\u00eat collectif \u00e0 des obligations de d\u00e9claration des subventions de fondations \u00e9trang\u00e8res, renfor\u00e7ant ainsi les possibilit\u00e9s de&nbsp;contr\u00f4le gouvernemental.&nbsp;<\/p>\n\n\n\n<p>Par ailleurs, dans une logique constante de solutionnisme technologique, <strong>le texte&nbsp;promeut l&rsquo;extension d&rsquo;une technique de renseignement dite de l&rsquo;algorithme de d\u00e9tection ou \u00ab\u00a0bo\u00eete noire de renseignement\u00a0\u00bb<\/strong>.<\/p>\n\n\n\n<p><strong>Des gardes fous toujours remis en cause<\/strong><\/p>\n\n\n\n<p>Cette technique a \u00e9t\u00e9 instaur\u00e9e&nbsp;par la loi renseignement de 2015 <a href=\"https:\/\/web.archive.org\/web\/20150510192624\/https:\/\/sous-surveillance.fr\/\" target=\"_blank\" rel=\"noreferrer noopener\">nos organisations s&rsquo;y \u00e9taient&nbsp;alors&nbsp;fermement&nbsp;oppos\u00e9es<\/a>. Elle implique, en effet, la n\u00e9cessaire surveillance de l&rsquo;int\u00e9gralit\u00e9 des \u00e9l\u00e9ments techniques de&nbsp;toutes&nbsp;les&nbsp;communications&nbsp;de la population&nbsp;(qui contacte qui&nbsp;?&nbsp; quand&nbsp;? &nbsp;comment&nbsp;? &nbsp;voire&nbsp;pourquoi&nbsp;?),&nbsp;qu&rsquo;elles soient t\u00e9l\u00e9phoniques ou sur internet, tout cela pour poursuivre l&rsquo;objectif de d\u00e9tecter automatiquement des profils effectuant un certain nombre d&rsquo;actions d\u00e9termin\u00e9es comme&nbsp;\u00e9tant&nbsp;\u00ab\u00a0suspectes\u00a0\u00bb.&nbsp;Ces profils seront ensuite cibl\u00e9s et plus sp\u00e9cifiquement suivis par des agents du renseignement. Cette technique agit donc \u00e0 la mani\u00e8re&nbsp;d&rsquo;un \u00e9norme&nbsp;\u00ab\u00a0filet de p\u00eache\u00a0\u00bb,&nbsp;jet\u00e9&nbsp;sur l&rsquo;ensemble des&nbsp;personnes&nbsp;r\u00e9sidant en France,&nbsp;la largeur de maille&nbsp;\u00e9tant&nbsp;d\u00e9termin\u00e9e par le gouvernement.<\/p>\n\n\n\n<p>En raison de&nbsp;son caract\u00e8re hautement&nbsp;liberticide, cette mesure avait \u00e9t\u00e9 limit\u00e9e \u00e0 la stricte lutte contre le risque terroriste et instaur\u00e9e de fa\u00e7on exp\u00e9rimentale pour quelques ann\u00e9es avec des obligations d&rsquo;\u00e9valuation. Malgr\u00e9 des r\u00e9sultats qui semblent peu convaincants et&nbsp;des rapports d&rsquo;\u00e9valuation manquants, cette technique a, depuis, \u00e9t\u00e9 p\u00e9rennis\u00e9e et explicitement \u00e9largie \u00e0 l&rsquo;analyse des adresses web des sites Internet.<\/p>\n\n\n\n<p><strong>Un d\u00e9voiement des finalit\u00e9s<\/strong><\/p>\n\n\n\n<p>L&rsquo;OLN&nbsp;d\u00e9non\u00e7ait d\u00e9j\u00e0 les risques&nbsp;induits par&nbsp;l&rsquo;utilisation de ce dispositif avec&nbsp;la finalit\u00e9 de \u00ab\u00a0lutte contre le terrorisme\u00a0\u00bb,&nbsp;notamment en raison de l&rsquo;amplitude de ce que peut recouvrir la qualification de terrorisme, notion du reste non d\u00e9finie dans le texte.<\/p>\n\n\n\n<p>L&rsquo;actualit\u00e9&nbsp;vient&nbsp;confirmer&nbsp;nos craintes&nbsp;et l&rsquo;on ne compte plus les&nbsp;usages&nbsp;particuli\u00e8rement pr\u00e9occupants de cette notion&nbsp;: d\u00e9signation \u00ab\u00a0<a href=\"https:\/\/basta.media\/menaces-intimidations-repression-s-accentuent-contre-les-opposants-aux-megabassines-qualifies-d-ecoterroristes\" target=\"_blank\" rel=\"noreferrer noopener\">d&rsquo;\u00e9coterroristes<\/a>\u00a0\u00bb pour des actions sans atteinte aux personnes, multiples&nbsp;<a href=\"https:\/\/www.mediapart.fr\/journal\/france\/230424\/apologie-du-terrorisme-mathilde-panot-convoquee-derniere-d-une-longue-liste\" target=\"_blank\" rel=\"noreferrer noopener\">poursuites pour \u00ab\u00a0apologie du terrorisme<\/a>\u00ab\u00a0, pour des demandes de cessez-le-feu et des propos li\u00e9s \u00e0 l&rsquo;autod\u00e9termination du peuple palestinien, condamnations pour une pr\u00e9paration de projet terroriste&nbsp;<a href=\"https:\/\/www.politis.fr\/articles\/2023\/12\/affaire-du-8-decembre-linquietante-condamnation-de-militants-comme-terroristes\/\" target=\"_blank\" rel=\"noreferrer noopener\">sans qu&rsquo;un projet n&rsquo;ait pu \u00eatre \u00e9tabli par l&rsquo;accusation<\/a>.<\/p>\n\n\n\n<p>Cette proposition de loi \u00e9largira cette technique de l&rsquo;algorithme&nbsp;\u00e0&nbsp;<strong><a href=\"https:\/\/www.legifrance.gouv.fr\/codes\/article_lc\/LEGIARTI000030935040\" target=\"_blank\" rel=\"noreferrer noopener\">deux nouvelles finalit\u00e9s de renseignement<\/a><\/strong>&nbsp;:<\/p>\n\n\n\n<p>1\u00b0 L&rsquo;ind\u00e9pendance nationale, l&rsquo;int\u00e9grit\u00e9 du territoire et la d\u00e9fense nationale ;<\/p>\n\n\n\n<p>2\u00b0 Les int\u00e9r\u00eats majeurs de la politique \u00e9trang\u00e8re, l&rsquo;ex\u00e9cution des engagements europ\u00e9ens et internationaux de la France et la pr\u00e9vention de toute forme d&rsquo;ing\u00e9rence \u00e9trang\u00e8re ;<\/p>\n\n\n\n<p>L\u00e0 encore, la d\u00e9finition des finalit\u00e9s est bien trop vague, sujette \u00e0 de tr\u00e8s larges interpr\u00e9tations, pouvant inclure les actions suivantes : militer&nbsp;contre des accords de libre-\u00e9change, lutter contre des projets p\u00e9troliers, soutien aux migrants, remettre en cause les ventes d&rsquo;armement ou les interventions militaires de la France&#8230;<\/p>\n\n\n\n<p><strong>Un encadrement bien limit\u00e9<\/strong><\/p>\n\n\n\n<p>Si un contr\u00f4le th\u00e9orique de ses finalit\u00e9s doit \u00eatre&nbsp;op\u00e9r\u00e9&nbsp;par la Commission Nationale de Contr\u00f4le des Techniques de Renseignement&nbsp;(CNCTR),&nbsp;ses avis peuvent ne pas \u00eatre suivis.<\/p>\n\n\n\n<p>De m\u00eame,&nbsp;si la proposition de loi est,&nbsp;l\u00e0 encore,&nbsp;pr\u00e9vue pour une&nbsp;phase&nbsp;\u00ab\u00a0exp\u00e9rimentale\u00a0\u00bb pendant 4 ans et avec des obligations de documentation, peu de doutes sont permis&nbsp;sur ce qu\u2019il&nbsp;adviendra, au vu&nbsp;<a href=\"https:\/\/www.laquadrature.net\/2020\/07\/17\/il-est-temps-darreter-les-prolongations-securitaires\/\" target=\"_blank\" rel=\"noreferrer noopener\">des pr\u00e9c\u00e9dents&nbsp;sur le sujet<\/a>.<\/p>\n\n\n\n<p><strong>Un \u00e9largissement des \u00ab\u00a0techniques sp\u00e9ciales d&rsquo;enqu\u00eate\u00a0\u00bb<\/strong><\/p>\n\n\n\n<p>Dans le cadre de ce nouveau texte s\u00e9curitaire, le S\u00e9nat en a aussi profit\u00e9 pour aggraver le bar\u00e8me des peines et cr\u00e9er une nouvelle circonstance aggravante dite \u00ab\u00a0g\u00e9n\u00e9rale\u00a0\u00bb applicable \u00e0 l&rsquo;ensemble des infractions (<a href=\"https:\/\/www.legifrance.gouv.fr\/codes\/article_lc\/LEGIARTI000006417506\/\" target=\"_blank\" rel=\"noreferrer noopener\">au m\u00eame titre que l&rsquo;usage de la cryptologie<\/a>) permettant de monter d&rsquo;un palier la peine de prison encourue (3 \u00e0 6, 5 \u00e0 7, 7 \u00e0 10&#8230;) d\u00e8s que l&rsquo;infraction est commise \u00ab\u00a0<em>dans le but de servir les int\u00e9r\u00eats d\u2019une puissance \u00e9trang\u00e8re, d\u2019une entreprise ou d\u2019une organisation \u00e9trang\u00e8re, ou sous contr\u00f4le \u00e9tranger<\/em>&nbsp;\u00bb. Cette aggravation de peine permettra l&rsquo;utilisation des \u00ab\u00a0<a href=\"https:\/\/www.legifrance.gouv.fr\/codes\/section_lc\/LEGITEXT000006071154\/LEGISCTA000006167524\/\" target=\"_blank\" rel=\"noreferrer noopener\">techniques sp\u00e9ciales d&rsquo;enqu\u00eate<\/a>\u00ab\u00a0, soit les intrusions les plus graves dans la vie priv\u00e9e (\u00e9coutes t\u00e9l\u00e9phoniques, balises GPS,&nbsp;la prise de contr\u00f4le d&rsquo;appareil, hacking informatique&#8230;). L\u00e0 o\u00f9 ces techniques \u00e9taient cens\u00e9es n&rsquo;\u00eatre utilis\u00e9es&nbsp;que pour les crimes les plus graves,&nbsp;elles sont,&nbsp;texte&nbsp;apr\u00e8s&nbsp;texte,&nbsp;\u00e9tendues \u00e0 un nombre toujours plus important d&rsquo;infractions.<\/p>\n\n\n\n<p><strong>Quelle lutte contre&nbsp;quelles ing\u00e9rences ?<\/strong><\/p>\n\n\n\n<p>Le Gouvernement ne ferait-il pas mieux de s\u2019inqui\u00e9ter de certaines ing\u00e9rences \u00e9trang\u00e8res bien r\u00e9elles, telles que la captation des donn\u00e9es de sant\u00e9 des Fran\u00e7ais exploit\u00e9es par les autorit\u00e9s \u00e9tasuniennes dans le cadre du <a href=\"https:\/\/next.ink\/132604\/health-data-hub-le-conseil-detat-rejette-la-suspension-de-la-decision-de-la-cnil\/\" target=\"_blank\" rel=\"noreferrer noopener\">Health Data Hub<\/a>, d\u2019autres <a href=\"https:\/\/www.lemonde.fr\/economie\/article\/2023\/07\/10\/europe-etats-unis-l-accord-transatlantique-controverse-de-transfert-des-donnees-valide-par-bruxelles_6181378_3234.html\" target=\"_blank\" rel=\"noreferrer noopener\">captations frauduleuses par les entreprises du num\u00e9rique am\u00e9ricaines<\/a> &nbsp;ou encore la vente de technologies de pointe par des soci\u00e9t\u00e9 \u00e9trang\u00e8res, notamment isra\u00e9liennes, comme <a href=\"https:\/\/www.amnesty.org\/fr\/latest\/news\/2021\/07\/the-pegasus-project\/\" target=\"_blank\" rel=\"noreferrer noopener\">PEGASUS<\/a>, permettant de surveiller des personnalit\u00e9s politiques fran\u00e7aises au plus haut niveau&nbsp;?<\/p>\n\n\n\n<p><strong>Des outils terrifiants au service&nbsp;d&rsquo;un pouvoir qui continue sa fuite en avant autoritaire<\/strong><\/p>\n\n\n\n<p>Les bo\u00eetes noires comme les autres techniques d&rsquo;intrusion du renseignement offrent&nbsp;des possibilit\u00e9s terrifiantes,&nbsp;qu&rsquo;elles soient pr\u00e9vues par la loi ou utilis\u00e9es abusivement.&nbsp;Cette d\u00e9multiplication des capacit\u00e9s de surveillance participe \u00e0 l&rsquo;actuelle d\u00e9rive autoritaire d&rsquo;un pouvoir qui se crispe face aux contestations pourtant l\u00e9gitimes de sa politique antisociale&nbsp;et climaticide&nbsp;et devrait toutes&nbsp;et tous&nbsp;nous inqui\u00e9ter alors que les id\u00e9es les plus r\u00e9actionnaires et de contr\u00f4le des populations s&rsquo;intensifient chaque jour un peu plus.<\/p>\n\n\n\n<p><strong>Esp\u00e9rer un retour \u00e0 la raison<\/strong><\/p>\n\n\n\n<p>Esp\u00e9rant un retour \u00e0 la raison et \u00e0 la primaut\u00e9 des libert\u00e9s publiques, passant par la&nbsp;fin&nbsp;de la&nbsp;d\u00e9rive s\u00e9curitaire et&nbsp;de&nbsp;son terrible \u00ab\u00a0<a href=\"https:\/\/lesaf.org\/lettre-commune-de-lobservatoire-des-libertes-et-du-numerique-oln-et-de-wikimedia-france-paris-le-15-juin-2021\/\" target=\"_blank\" rel=\"noreferrer noopener\">effet clique<\/a>t\u00a0\u00bb nous appelons&nbsp; &nbsp;la Commission mixte paritaire qui aura \u00e0 se prononcer sur ce texte puis les parlementaires \u00e0 rejeter l&rsquo;article 4 (\u00e9largissement du bar\u00e8me de peine et techniques sp\u00e9ciales d&rsquo;enqu\u00eate) et l&rsquo;article 3 (\u00e9largissement des finalit\u00e9s des boites noires) de cette proposition de loi, et,&nbsp;<em>a&nbsp;minima,<\/em>&nbsp;\u00e0 s\u2019en tenir \u00e0 une restriction d&rsquo;utilisation&nbsp;de cette technique&nbsp;\u00e0 des cas beaucoup plus pr\u00e9cis et d\u00e9finis (par exemple au risque d&rsquo;attentat causant des atteintes \u00e0 la vie et les ing\u00e9rences \u00e9trang\u00e8res graves telles qu&rsquo;envisag\u00e9es aux articles 411-1 \u00e0 -8 du Code p\u00e9nal).<\/p>\n\n\n\n<p>*Signataires : CECIL, <a href=\"https:\/\/www.lecreis.org\/\" target=\"_blank\" rel=\"noreferrer noopener\">CREIS-TERMINAL<\/a>, <a href=\"https:\/\/www.globenet.org\/\" target=\"_blank\" rel=\"noreferrer noopener\">GLOBENET<\/a>,<a href=\"https:\/\/www.laquadrature.net\/\" target=\"_blank\" rel=\"noreferrer noopener\"> la Quadrature Du Net<\/a>,<a href=\"https:\/\/www.ldh-france.org\/\" target=\"_blank\" rel=\"noreferrer noopener\"> la Ligue des Droits de l&rsquo;Homme<\/a>, <a href=\"https:\/\/lesaf.org\/\" target=\"_blank\" rel=\"noreferrer noopener\">le Syndicat des Avocats de France<\/a>, <a href=\"https:\/\/www.syndicat-magistrature.fr\/\" target=\"_blank\" rel=\"noreferrer noopener\">le Syndicat de la Magistrature<\/a><\/p>\n","protected":false},"excerpt":{"rendered":"<p>L&rsquo;Observatoire des Libert\u00e9s et du Num\u00e9rique*&nbsp;demande aux&nbsp;parlementaires&nbsp;de&nbsp;s&rsquo;opposer \u00e0 l&rsquo;extension des finalit\u00e9s des bo\u00eetes noires de renseignement&nbsp;inscrite&nbsp;dans&nbsp;la&nbsp;proposition de&nbsp;loi \u00ab\u00a0ing\u00e9rences \u00e9trang\u00e8res\u00a0\u00bb.<\/p>\n<p>\u00ab\u00a0L&rsquo;ing\u00e9rence \u00e9trang\u00e8re\u00a0\u00bb, un \u00e9ni\u00e8me pr\u00e9texte \u00e0 l&rsquo;extension de la surveillance de masse<\/p>\n<p>La &nbsp;proposition loi \u00ab\u00a0<a href=\"https:\/\/www.senat.fr\/dossier-legislatif\/ppl23-479.html\" target=\"_blank\" rel=\"noreferrer noopener\">Pr\u00e9venir les ing\u00e9rences \u00e9trang\u00e8res en France<\/a>\u00ab\u00a0, pr\u00e9sent\u00e9e par le d\u00e9put\u00e9 Sacha Houli\u00e9 avec le soutien du camp &hellip; <\/p>\n<p><a class=\"more-link btn\" href=\"https:\/\/www.lecreis.org\/?p=3584\">Lire la suite<\/a><\/p>\n","protected":false},"author":4,"featured_media":0,"comment_status":"closed","ping_status":"open","sticky":false,"template":"","format":"standard","meta":{"footnotes":""},"categories":[16],"tags":[106,55,114,90],"class_list":["post-3584","post","type-post","status-publish","format-standard","hentry","category-actions","tag-libertes","tag-securite","tag-surveillance","tag-vie-privee","item-wrap"],"_links":{"self":[{"href":"https:\/\/www.lecreis.org\/index.php?rest_route=\/wp\/v2\/posts\/3584","targetHints":{"allow":["GET"]}}],"collection":[{"href":"https:\/\/www.lecreis.org\/index.php?rest_route=\/wp\/v2\/posts"}],"about":[{"href":"https:\/\/www.lecreis.org\/index.php?rest_route=\/wp\/v2\/types\/post"}],"author":[{"embeddable":true,"href":"https:\/\/www.lecreis.org\/index.php?rest_route=\/wp\/v2\/users\/4"}],"replies":[{"embeddable":true,"href":"https:\/\/www.lecreis.org\/index.php?rest_route=%2Fwp%2Fv2%2Fcomments&post=3584"}],"version-history":[{"count":1,"href":"https:\/\/www.lecreis.org\/index.php?rest_route=\/wp\/v2\/posts\/3584\/revisions"}],"predecessor-version":[{"id":3585,"href":"https:\/\/www.lecreis.org\/index.php?rest_route=\/wp\/v2\/posts\/3584\/revisions\/3585"}],"wp:attachment":[{"href":"https:\/\/www.lecreis.org\/index.php?rest_route=%2Fwp%2Fv2%2Fmedia&parent=3584"}],"wp:term":[{"taxonomy":"category","embeddable":true,"href":"https:\/\/www.lecreis.org\/index.php?rest_route=%2Fwp%2Fv2%2Fcategories&post=3584"},{"taxonomy":"post_tag","embeddable":true,"href":"https:\/\/www.lecreis.org\/index.php?rest_route=%2Fwp%2Fv2%2Ftags&post=3584"}],"curies":[{"name":"wp","href":"https:\/\/api.w.org\/{rel}","templated":true}]}}