{"id":3676,"date":"2025-01-15T17:33:29","date_gmt":"2025-01-15T17:33:29","guid":{"rendered":"https:\/\/www.lecreis.org\/?p=3676"},"modified":"2025-03-16T17:37:48","modified_gmt":"2025-03-16T17:37:48","slug":"n-139-terminal-varia","status":"publish","type":"post","link":"https:\/\/www.lecreis.org\/?p=3676","title":{"rendered":"N\u00b0 139 Terminal : Varia"},"content":{"rendered":"\n<ul class=\"wp-block-list\">\n<li><strong>C\u00e9dric Gossart<\/strong> <a href=\"https:\/\/journals.openedition.org\/terminal\/10102\">IA et services publics\u00a0: pour une politique d\u2019innovation transformatrice<\/a> [Texte int\u00e9gral]<\/li>\n\n\n\n<li>Dossier\n<ul class=\"wp-block-list\">\n<li><strong>Laurent Mell<\/strong> <a href=\"https:\/\/journals.openedition.org\/terminal\/10111\">Interroger le num\u00e9rique sous toutes les coutures. Entre souplesse m\u00e9thodologique et rigueur \u00e9pist\u00e9mologique<\/a> [Texte int\u00e9gral] Looking at digital from all angles. Between methodological flexibility and epistemological rigour<\/li>\n\n\n\n<li>I \u2013 \u00c9volutions techniques et reconfiguration des usages\n<ul class=\"wp-block-list\">\n<li><strong>Lucas Fritz<\/strong> <a href=\"https:\/\/journals.openedition.org\/terminal\/10157\">Nos cerveaux sur le Web\u00a0: entre neuro-r\u00e9ductionnisme et neurodiversit\u00e9<\/a> [Texte int\u00e9gral] Our brains online: between neuro-reductionnism and neurodiversities<\/li>\n\n\n\n<li><strong>Annick Tamaro, Kimberley Girardon, Morgane Innocent et Nicolas Decourcelle<\/strong> <a href=\"https:\/\/journals.openedition.org\/terminal\/10214\">Acceptabilit\u00e9 de l\u2019impression 3D alimentaire par les consommateurs<\/a> [Texte int\u00e9gral] Consumer acceptance of 3D food printing<\/li>\n\n\n\n<li><strong>Marie-Laure Bernon et Olivier Tr\u00e9dan<\/strong> <a href=\"https:\/\/journals.openedition.org\/terminal\/10264\">Le go\u00fbt de coudre \u00e0 l\u2019heure d\u2019Internet\u00a0: reconfigurations num\u00e9riques des mondes de la couture<\/a> [Texte int\u00e9gral]<\/li>\n<\/ul>\n<\/li>\n\n\n\n<li>II \u2013 Disparit\u00e9s num\u00e9riques et pratiques \u00e9ducatives\n<ul class=\"wp-block-list\">\n<li><strong>J\u00e9r\u00f4me Clerget, Pascal Plantard et Marianne Bl\u00e9haut<\/strong> <a href=\"https:\/\/journals.openedition.org\/terminal\/10331\">Pour en finir avec les \u00ab\u00a013 millions\u00a0\u00bb\u00a0? Au d\u00e9fi de rendre compte de l\u2019\u00e9loignement du num\u00e9rique<\/a> [Texte int\u00e9gral] Ending the \u201c13 million\u201d oversimplification? The challenge of accounting for digital exclusion<\/li>\n\n\n\n<li><strong>Carine Aillerie, Th\u00e9o Martineaud, M\u00e9lina Solari-Landa Landa, Veronica Castillo P\u00e9rez, Angela Figueroa Iberico et Augusta Valle Taiman<\/strong> <a href=\"https:\/\/journals.openedition.org\/terminal\/10376\">Pratiques informationnelles quotidiennes des enseignants et \u00e9ducation aux m\u00e9dias et \u00e0 l\u2019information \u00e0 l\u2019\u00e9cole primaire en France<\/a> [Texte int\u00e9gral] Teachers\u2019 everyday life information practices and Media and Information Literacy in French primary schools<\/li>\n\n\n\n<li><strong>Matthieu Serreau et Pascal Plantard<\/strong> <a href=\"https:\/\/journals.openedition.org\/terminal\/10442\">Le num\u00e9rique comme fait social total\u00a0: \u00e9volution des pratiques num\u00e9riques \u00e9ducatives pendant les confinements<\/a> [Texte int\u00e9gral] Digital as a total social fact: evolution of digital educational practices during confinements<\/li>\n<\/ul>\n<\/li>\n\n\n\n<li>III \u2013 Le patrimoine face aux \u00e9volutions num\u00e9riques\n<ul class=\"wp-block-list\">\n<li><strong>Ma\u00eblle Moalic-Minnaert<\/strong> <a href=\"https:\/\/journals.openedition.org\/terminal\/10491\">Les archivistes face au num\u00e9rique\u00a0: une autonomie \u00e0 reconstruire\u00a0?<\/a> [Texte int\u00e9gral] The archivists in the digital age: Autonomy to rebuild?<\/li>\n\n\n\n<li><strong>Caroline Creton et Manuelle Aquilina<\/strong> <a href=\"https:\/\/journals.openedition.org\/terminal\/10551\">Contributions des dispositifs de m\u00e9diation culturelle num\u00e9riques pour exposer et recevoir l\u2019histoire du commerce triangulaire<\/a> [Texte int\u00e9gral] \u201cSeveral devices catch the visitor&rsquo;s attention: they really speak to their feelings, and can shake them up.\u201d Contributions of digital cultural mediation devices to expose and receive the history of slave trade<\/li>\n\n\n\n<li><strong>Marie-Laure Bernon<\/strong> <a href=\"https:\/\/journals.openedition.org\/terminal\/10626\">Les publics de mus\u00e9es sur Internet \u00e0 l\u2019\u00e9preuve des fractures sociales<\/a> [Texte int\u00e9gral] Internet as a test of social classes: audience of online exhibitions<\/li>\n<\/ul>\n<\/li>\n<\/ul>\n<\/li>\n\n\n\n<li>Rep\u00e8res\n<ul class=\"wp-block-list\">\n<li><strong>Dominique Desbois<\/strong> <a href=\"https:\/\/journals.openedition.org\/terminal\/10654\">Plateformes\u00a0: mise en \u0153uvre du R\u00e8glement sur les services num\u00e9riques, entre r\u00e9gulation, souverainet\u00e9 et libert\u00e9s<\/a> [Texte int\u00e9gral]<\/li>\n<\/ul>\n<\/li>\n\n\n\n<li>Bloc-notes\n<ul class=\"wp-block-list\">\n<li><strong>Dominique Desbois<\/strong> <a href=\"https:\/\/journals.openedition.org\/terminal\/10664\">Le droit \u00e0 la vie priv\u00e9e. L\u2019urgence de l\u2019hygi\u00e8ne num\u00e9rique<\/a> [Texte int\u00e9gral]<\/li>\n<\/ul>\n<\/li>\n<\/ul>\n\n\n\n<p><a href=\"https:\/\/journals.openedition.org\/terminal\/10097\" target=\"_blank\" rel=\"noreferrer noopener\">Acc\u00e8s au num\u00e9ro<\/a><\/p>\n","protected":false},"excerpt":{"rendered":"<ul class=\"wp-block-list\">\n<li>C\u00e9dric Gossart <a href=\"https:\/\/journals.openedition.org\/terminal\/10102\">IA et services publics\u00a0: pour une politique d\u2019innovation transformatrice<\/a> [Texte int\u00e9gral]<\/li>\n<li>Dossier\n<ul class=\"wp-block-list\">\n<li>Laurent Mell <a href=\"https:\/\/journals.openedition.org\/terminal\/10111\">Interroger le num\u00e9rique sous toutes les coutures. Entre souplesse m\u00e9thodologique et rigueur \u00e9pist\u00e9mologique<\/a> [Texte int\u00e9gral] Looking at digital from all angles. Between methodological flexibility and epistemological rigour<\/li>\n<li>I \u2013 \u00c9volutions techniques et reconfiguration &hellip;\n<p><a class=\"more-link btn\" href=\"https:\/\/www.lecreis.org\/?p=3676\">Lire la suite<\/a><\/p>\n<\/li>\n<\/ul>\n<\/li>\n<\/ul>\n","protected":false},"author":4,"featured_media":0,"comment_status":"closed","ping_status":"closed","sticky":false,"template":"","format":"standard","meta":{"footnotes":""},"categories":[4],"tags":[178,170,173,35],"class_list":["post-3676","post","type-post","status-publish","format-standard","hentry","category-terminal","tag-education-2","tag-ia","tag-plateformes","tag-travail","item-wrap"],"_links":{"self":[{"href":"https:\/\/www.lecreis.org\/index.php?rest_route=\/wp\/v2\/posts\/3676","targetHints":{"allow":["GET"]}}],"collection":[{"href":"https:\/\/www.lecreis.org\/index.php?rest_route=\/wp\/v2\/posts"}],"about":[{"href":"https:\/\/www.lecreis.org\/index.php?rest_route=\/wp\/v2\/types\/post"}],"author":[{"embeddable":true,"href":"https:\/\/www.lecreis.org\/index.php?rest_route=\/wp\/v2\/users\/4"}],"replies":[{"embeddable":true,"href":"https:\/\/www.lecreis.org\/index.php?rest_route=%2Fwp%2Fv2%2Fcomments&post=3676"}],"version-history":[{"count":1,"href":"https:\/\/www.lecreis.org\/index.php?rest_route=\/wp\/v2\/posts\/3676\/revisions"}],"predecessor-version":[{"id":3677,"href":"https:\/\/www.lecreis.org\/index.php?rest_route=\/wp\/v2\/posts\/3676\/revisions\/3677"}],"wp:attachment":[{"href":"https:\/\/www.lecreis.org\/index.php?rest_route=%2Fwp%2Fv2%2Fmedia&parent=3676"}],"wp:term":[{"taxonomy":"category","embeddable":true,"href":"https:\/\/www.lecreis.org\/index.php?rest_route=%2Fwp%2Fv2%2Fcategories&post=3676"},{"taxonomy":"post_tag","embeddable":true,"href":"https:\/\/www.lecreis.org\/index.php?rest_route=%2Fwp%2Fv2%2Ftags&post=3676"}],"curies":[{"name":"wp","href":"https:\/\/api.w.org\/{rel}","templated":true}]}}