{"id":3729,"date":"2025-08-11T15:22:52","date_gmt":"2025-08-11T15:22:52","guid":{"rendered":"https:\/\/www.lecreis.org\/?p=3729"},"modified":"2025-08-11T15:22:53","modified_gmt":"2025-08-11T15:22:53","slug":"n-141-terminal-ecouter-a-lecran","status":"publish","type":"post","link":"https:\/\/www.lecreis.org\/?p=3729","title":{"rendered":"N\u00b0 141 Terminal : \u00c9couter (\u00e0) l\u2019\u00e9cran"},"content":{"rendered":"\n<p><em>Terminal<\/em> est une revue de r\u00e9flexion critique sur les mutations de la soci\u00e9t\u00e9 \u00e0 partir de la question des nouvelles technologies de l\u2019information et du d\u00e9veloppement d&rsquo;Internet. <em>Terminal<\/em> s\u2019attache \u00e0 une r\u00e9flexion pluridisciplinaire et transversale sur les enjeux culturels et sociaux des TIC (Technologies de l\u2019Information et de la Communication). <\/p>\n\n\n\n<p>Terminal est en ligne sur le site <a href=\"https:\/\/journals.openedition.org\/terminal\/\" target=\"_blank\" rel=\"noreferrer noopener\">Open \u00e9dition Journal <\/a><\/p>\n\n\n\n<h2 class=\"wp-block-heading\"><strong><mark style=\"background-color:rgba(0, 0, 0, 0)\" class=\"has-inline-color has-vivid-red-color\">Voix \u00e9crite et lecture conversationnelle, silence, son et bruit de la pr\u00e9sence \u00e0 distance.<\/mark><\/strong><\/h2>\n\n\n\n<p>Sous la direction de <strong>Peppe Cavallari et Margot Mellet<\/strong><\/p>\n\n\n\n<ul class=\"wp-block-list\">\n<li><strong>C\u00e9dric Gossart<\/strong> <a href=\"https:\/\/journals.openedition.org\/terminal\/11723\">Une souverainet\u00e9 num\u00e9rique et \u00e9cologique est-elle possible&nbsp;?<\/a> [Texte int\u00e9gral]<\/li>\n\n\n\n<li>Dossier. \u00c9couter (\u00e0) l\u2019\u00e9cran Voix \u00e9crite et lecture conversationnelle, silence, son et bruit de la pr\u00e9sence \u00e0 distance Sous la direction de <strong>Peppe Cavallari et Margot Mellet<\/strong>\n<ul class=\"wp-block-list\">\n<li><strong>Peppe Cavallari et Margot Mellet<\/strong> <a href=\"https:\/\/journals.openedition.org\/terminal\/11564\">L\u2019\u00e9coute de l\u2019\u00e9crit, d\u2019autrui, de nous-m\u00eames et, de tout temps, des appareils<\/a> [Texte int\u00e9gral]<\/li>\n\n\n\n<li>1. \u00c9coute-off et musique \u00e0 l\u2019\u00e9cran\n<ul class=\"wp-block-list\">\n<li><strong>Alice Lenay<\/strong> <a href=\"https:\/\/journals.openedition.org\/terminal\/11569\">La Zoomby-Chaosmose. Manifeste pour une \u00e9coute incarn\u00e9e en visiophonie<\/a> [Texte int\u00e9gral]<\/li>\n\n\n\n<li><strong>L\u00e9a Mouthon<\/strong> <a href=\"https:\/\/journals.openedition.org\/terminal\/11578\">Dire et \u00e9couter la musique \u00e0 l\u2019\u00e9cran&nbsp;: la presse musicale alternative en ligne<\/a> [Texte int\u00e9gral]<\/li>\n<\/ul>\n<\/li>\n\n\n\n<li>2. Les \u00e9coutes des \u00e9critures, les \u00e9critures des voix\n<ul class=\"wp-block-list\">\n<li><strong>Margaux Guyot<\/strong> <a href=\"https:\/\/journals.openedition.org\/terminal\/11592\">Vid\u00e9os d\u2019actualit\u00e9 sur les r\u00e9seaux sociaux&nbsp;: le son c\u00e8de-t-il sa place au texte&nbsp;?<\/a> [Texte int\u00e9gral]<\/li>\n\n\n\n<li><strong>Gabriele Stera<\/strong> <a href=\"https:\/\/journals.openedition.org\/terminal\/11605\">\u00c9couter par l\u2019\u00e9crit \u00e0 l\u2019\u00e9cran&nbsp;: sonorit\u00e9s du sous-titrage<\/a> [Texte int\u00e9gral]<\/li>\n\n\n\n<li><strong>Peppe Cavallari<\/strong> <a href=\"https:\/\/journals.openedition.org\/terminal\/11619\">L\u2019\u00e9coute (im)possible de la voix \u00e9crite&nbsp;: l\u2019endophasie de nos conversations<\/a> [Texte int\u00e9gral]<\/li>\n<\/ul>\n<\/li>\n\n\n\n<li>3. Plasticit\u00e9 et (in)visibilit\u00e9 de la voix et du silence \u00e0 l\u2019\u00e9cran\n<ul class=\"wp-block-list\">\n<li><strong>Margot Mellet<\/strong> <a href=\"https:\/\/journals.openedition.org\/terminal\/11696\">Les sens plastiques. Parcours d\u2019\u00e9ditions au creux de l\u2019\u00e9cran<\/a> [Texte int\u00e9gral]<\/li>\n\n\n\n<li><strong>Jacopo Bodini<\/strong> <a href=\"https:\/\/journals.openedition.org\/terminal\/11625\">Les voix num\u00e9riques au temps des \u00e9crans<\/a> [Texte int\u00e9gral]<\/li>\n\n\n\n<li><strong>Christine Develotte, Jean-Fran\u00e7ois Grassin et Jos\u00e9phine R\u00e9mon<\/strong> <a href=\"https:\/\/journals.openedition.org\/terminal\/11638\">Silence ! On s\u2019\u00e9merveille !&#8230; Difficult\u00e9s et inconforts de l\u2019\u00e9merveillement en ligne<\/a> [Texte int\u00e9gral] Retours de trois chercheur\u00b7e\u00b7s sur leur participation \u00e0 une journ\u00e9e sur l\u2019\u00e9merveillement<\/li>\n<\/ul>\n<\/li>\n\n\n\n<li>4. Dispositif, phonographe et \u00e9critures num\u00e9riques\n<ul class=\"wp-block-list\">\n<li><strong>Philippe Ethuin<\/strong> <a href=\"https:\/\/journals.openedition.org\/terminal\/11673\">Clicher \/ Tracer&nbsp;: le phonographe entre imaginaire photographique et scriptural (1878-1889)<\/a> [Texte int\u00e9gral]<\/li>\n\n\n\n<li><strong>Roch Delannay<\/strong> <a href=\"https:\/\/journals.openedition.org\/terminal\/11683\">L\u2019\u00e9criture num\u00e9rique ou le soliloque parall\u00e8le<\/a> [Texte int\u00e9gral]<\/li>\n<\/ul>\n<\/li>\n<\/ul>\n<\/li>\n\n\n\n<li>Rep\u00e8res\n<ul class=\"wp-block-list\">\n<li><strong>Dominique Desbois<\/strong> <a href=\"https:\/\/journals.openedition.org\/terminal\/11718\">Technologies num\u00e9riques du renseignement&nbsp;: au service de la s\u00e9curit\u00e9 globale ou instrument du contr\u00f4le social&nbsp;?<\/a> [Texte int\u00e9gral] Colloque \u00c9tat d\u2019urgence, 10 ans apr\u00e8s<\/li>\n<\/ul>\n<\/li>\n<\/ul>\n\n\n\n<p><\/p>\n","protected":false},"excerpt":{"rendered":"<p>Terminal est une revue de r\u00e9flexion critique sur les mutations de la soci\u00e9t\u00e9 \u00e0 partir de la question des nouvelles technologies de l\u2019information et du d\u00e9veloppement d&rsquo;Internet. Terminal s\u2019attache \u00e0 une r\u00e9flexion pluridisciplinaire et transversale sur les enjeux culturels et sociaux des TIC (Technologies de l\u2019Information et de la Communication). <\/p>\n<p>Terminal est en ligne &hellip; <\/p>\n<p><a class=\"more-link btn\" href=\"https:\/\/www.lecreis.org\/?p=3729\">Lire la suite<\/a><\/p>\n","protected":false},"author":4,"featured_media":0,"comment_status":"closed","ping_status":"closed","sticky":false,"template":"","format":"standard","meta":{"footnotes":""},"categories":[4],"tags":[],"class_list":["post-3729","post","type-post","status-publish","format-standard","hentry","category-terminal","item-wrap"],"_links":{"self":[{"href":"https:\/\/www.lecreis.org\/index.php?rest_route=\/wp\/v2\/posts\/3729","targetHints":{"allow":["GET"]}}],"collection":[{"href":"https:\/\/www.lecreis.org\/index.php?rest_route=\/wp\/v2\/posts"}],"about":[{"href":"https:\/\/www.lecreis.org\/index.php?rest_route=\/wp\/v2\/types\/post"}],"author":[{"embeddable":true,"href":"https:\/\/www.lecreis.org\/index.php?rest_route=\/wp\/v2\/users\/4"}],"replies":[{"embeddable":true,"href":"https:\/\/www.lecreis.org\/index.php?rest_route=%2Fwp%2Fv2%2Fcomments&post=3729"}],"version-history":[{"count":3,"href":"https:\/\/www.lecreis.org\/index.php?rest_route=\/wp\/v2\/posts\/3729\/revisions"}],"predecessor-version":[{"id":3732,"href":"https:\/\/www.lecreis.org\/index.php?rest_route=\/wp\/v2\/posts\/3729\/revisions\/3732"}],"wp:attachment":[{"href":"https:\/\/www.lecreis.org\/index.php?rest_route=%2Fwp%2Fv2%2Fmedia&parent=3729"}],"wp:term":[{"taxonomy":"category","embeddable":true,"href":"https:\/\/www.lecreis.org\/index.php?rest_route=%2Fwp%2Fv2%2Fcategories&post=3729"},{"taxonomy":"post_tag","embeddable":true,"href":"https:\/\/www.lecreis.org\/index.php?rest_route=%2Fwp%2Fv2%2Ftags&post=3729"}],"curies":[{"name":"wp","href":"https:\/\/api.w.org\/{rel}","templated":true}]}}