{"id":396,"date":"2005-01-01T13:43:11","date_gmt":"2005-01-01T13:43:11","guid":{"rendered":"http:\/\/www.lecreis.org\/creis\/?p=396"},"modified":"2011-07-12T13:51:11","modified_gmt":"2011-07-12T13:51:11","slug":"prix-du-creis-laureat-2005","status":"publish","type":"post","link":"https:\/\/www.lecreis.org\/?p=396","title":{"rendered":"Prix du CREIS &#8211; Laur\u00e9at 2005"},"content":{"rendered":"<p><a href=\"mailto:%20ranolo2002@yahoo.fr\"><a href=\"http:\/\/www.lecreis.org\/creis\/wp-content\/uploads\/Prix_CREIS_2005.jpg\"><img loading=\"lazy\" decoding=\"async\" class=\"alignleft size-medium wp-image-399\" title=\"Prix du CREIS 2005\" src=\"http:\/\/www.lecreis.org\/creis\/wp-content\/uploads\/Prix_CREIS_2005-300x202.jpg\" alt=\"\" width=\"300\" height=\"202\" srcset=\"https:\/\/www.lecreis.org\/creis\/wp-content\/uploads\/Prix_CREIS_2005-300x202.jpg 300w, https:\/\/www.lecreis.org\/creis\/wp-content\/uploads\/Prix_CREIS_2005-1024x692.jpg 1024w, https:\/\/www.lecreis.org\/creis\/wp-content\/uploads\/Prix_CREIS_2005.jpg 1256w\" sizes=\"auto, (max-width: 300px) 100vw, 300px\" \/><\/a>Louis-Xavier          RANO<\/a> pour son DEA<a href=\"..\/..\/Prix%20du%20CREIS\/resumeprixcreis2005.htm\"> \u00ab\u00a0La force du droit          \u00e0 l&rsquo;oubli\u00a0\u00bb<\/a>, obtenu \u00e0 l&rsquo;universit\u00e9 de Montpellier en 2004          DEA \u00ab\u00a0Informatique et droit\u00a0\u00bb, sous la direction de J. FRAYSSINET<\/p>\n<p>Autre candidat class\u00e9 :<br \/>\n<a href=\"mailto:emmanuel.mahe@francetelecom.com%20\">Emmanuel Mah\u00e9<\/a> pour sa th\u00e8se, soutenue en 2004 \u00e0 l&rsquo;Universit\u00e9 Rennes 2<br \/>\n\u00ab\u00a0Pour une esth\u00e9tique in-formationnelle La cr\u00e9ation artistique comme anticipation des usages sociaux des technologies de l\u2019information et de la communication ?\u00a0\u00bb sous la direction du Professeur Christian Le Mo\u00ebnne<\/p>\n","protected":false},"excerpt":{"rendered":"<p><a href=\"mailto:%20ranolo2002@yahoo.fr\"><\/a><a href=\"http:\/\/www.lecreis.org\/creis\/wp-content\/uploads\/Prix_CREIS_2005.jpg\"><\/a>Louis-Xavier RANO pour son DEA<a href=\"..\/..\/Prix%20du%20CREIS\/resumeprixcreis2005.htm\"> \u00ab\u00a0La force du droit \u00e0 l&rsquo;oubli\u00a0\u00bb<\/a>, obtenu \u00e0 l&rsquo;universit\u00e9 de Montpellier en 2004 DEA \u00ab\u00a0Informatique et droit\u00a0\u00bb, sous la direction de J. FRAYSSINET<\/p>\n<p>Autre candidat class\u00e9 : <a href=\"mailto:emmanuel.mahe@francetelecom.com%20\">Emmanuel Mah\u00e9<\/a> pour sa th\u00e8se, soutenue en 2004 \u00e0 l&rsquo;Universit\u00e9 Rennes 2 \u00ab\u00a0Pour une esth\u00e9tique in-formationnelle La cr\u00e9ation artistique &hellip; <\/p>\n<p><a class=\"more-link btn\" href=\"https:\/\/www.lecreis.org\/?p=396\">Lire la suite<\/a><\/p>\n","protected":false},"author":4,"featured_media":0,"comment_status":"open","ping_status":"open","sticky":false,"template":"","format":"standard","meta":{"footnotes":""},"categories":[6],"tags":[],"class_list":["post-396","post","type-post","status-publish","format-standard","hentry","category-prix","item-wrap"],"_links":{"self":[{"href":"https:\/\/www.lecreis.org\/index.php?rest_route=\/wp\/v2\/posts\/396","targetHints":{"allow":["GET"]}}],"collection":[{"href":"https:\/\/www.lecreis.org\/index.php?rest_route=\/wp\/v2\/posts"}],"about":[{"href":"https:\/\/www.lecreis.org\/index.php?rest_route=\/wp\/v2\/types\/post"}],"author":[{"embeddable":true,"href":"https:\/\/www.lecreis.org\/index.php?rest_route=\/wp\/v2\/users\/4"}],"replies":[{"embeddable":true,"href":"https:\/\/www.lecreis.org\/index.php?rest_route=%2Fwp%2Fv2%2Fcomments&post=396"}],"version-history":[{"count":2,"href":"https:\/\/www.lecreis.org\/index.php?rest_route=\/wp\/v2\/posts\/396\/revisions"}],"predecessor-version":[{"id":400,"href":"https:\/\/www.lecreis.org\/index.php?rest_route=\/wp\/v2\/posts\/396\/revisions\/400"}],"wp:attachment":[{"href":"https:\/\/www.lecreis.org\/index.php?rest_route=%2Fwp%2Fv2%2Fmedia&parent=396"}],"wp:term":[{"taxonomy":"category","embeddable":true,"href":"https:\/\/www.lecreis.org\/index.php?rest_route=%2Fwp%2Fv2%2Fcategories&post=396"},{"taxonomy":"post_tag","embeddable":true,"href":"https:\/\/www.lecreis.org\/index.php?rest_route=%2Fwp%2Fv2%2Ftags&post=396"}],"curies":[{"name":"wp","href":"https:\/\/api.w.org\/{rel}","templated":true}]}}