{"id":711,"date":"2006-12-01T08:45:07","date_gmt":"2006-12-01T08:45:07","guid":{"rendered":"http:\/\/www.lecreis.org\/creis\/?p=711"},"modified":"2011-07-19T08:47:30","modified_gmt":"2011-07-19T08:47:30","slug":"le-teletravail","status":"publish","type":"post","link":"https:\/\/www.lecreis.org\/?p=711","title":{"rendered":"Le t\u00e9l\u00e9travail"},"content":{"rendered":"<ul>\n<li>\n<h2>Du t\u00e9l\u00e9travail au travail mobile : un enjeu de modernisation de l&rsquo;\u00e9conomie fran\u00e7aise<\/h2>\n<\/li>\n<\/ul>\n<p>MOREL-A-LHUISSIER Pierre<br \/>\nFRANCE. Premier ministre<\/p>\n<p>Paris;Premier ministre;2006;146 pages<\/p>\n<p>7%, telle est la proportion de la population active  concern\u00e9e, en 2003, par le t\u00e9l\u00e9travail, pour une moyenne europ\u00e9enne de  13%. Selon le pr\u00e9sent rapport, les principaux obstacles au d\u00e9veloppement  du t\u00e9l\u00e9travail en France ne viennent pas d&rsquo;un retard d&rsquo;\u00e9quipement ou  d&rsquo;infrastructures par rapport \u00e0 ce qui se fait dans les grands pays  comparables, mais tiennent davantage \u00e0 l&rsquo;\u00e9volution jug\u00e9e trop lente des  mentalit\u00e9s d&rsquo;une part, et d&rsquo;autre part \u00e0 une organisation du travail qui  tarde \u00e0 capitaliser les avantages offerts par les TIC (technologies de  l&rsquo;information et de la communication). Compte tenu de ces observations,  l&rsquo;auteur du rapport \u00e9met plusieurs recommandations pour d\u00e9velopper le  t\u00e9l\u00e9travail en France, autour de deux id\u00e9es centrales : faire sortir le  t\u00e9l\u00e9travail de la \u00ab\u00a0clandestinit\u00e9\u00a0\u00bb au sein de laquelle il est cantonn\u00e9,  dans les entreprises comme dans les administrations ; mettre en oeuvre  tous les dispositifs permettant aux entreprises comme aux salari\u00e9s ou  fonctionnaires qui veulent en b\u00e9n\u00e9ficier d&rsquo;y acc\u00e9der.<\/p>\n<p>&gt; Consulter le rapport :\u00a0 \u00a0 <a href=\"http:\/\/lesrapports.ladocumentationfrancaise.fr\/cgi-bin\/brp\/telestats.cgi?brp_ref=064000819&amp;brp_file=0000.pdf\">[PDF] <\/a> 1093\u00a0Ko\u00a0\/<\/p>\n<ul>\n<li><strong>Rapport parlementaire \u2013 Du t\u00e9l\u00e9travail au travail mobile <\/strong><br \/>\n07\/12\/2006&nbsp;<\/p>\n<p><em>Le rapport pr\u00e9sent\u00e9 le 10 novembre 2006 au Premier  ministre par Pierre-Morel \u00e0 l&rsquo;Huissier, d\u00e9put\u00e9 de la Loz\u00e8re, rappelle  l&rsquo;enjeu du t\u00e9l\u00e9travail dans la modernisation de l&rsquo;\u00e9conomie fran\u00e7aise.  Fruit d&rsquo;un travail approfondi, ce travail parlementaire s&rsquo;inspire  notamment de la Recommandation du Forum des droits sur l&rsquo;internet sur le  t\u00e9l\u00e9travail. <\/em><\/p>\n<p><a href=\"http:\/\/www.foruminternet.org\/actualites\/lire.phtml?id=1143\">Analyse du Forum des droits sur l&rsquo;Internet <\/a><\/li>\n<\/ul>\n<p>&nbsp;<\/p>\n<ul>\n<li>\n<h2><a href=\"http:\/\/www.ladocumentationfrancaise.fr\/rapports\/actualite\/teletravail.shtml\">Le t\u00e9l\u00e9travail en France : la s\u00e9lection de la Biblioth\u00e8que des rapports publics <\/a><\/h2>\n<\/li>\n<\/ul>\n<p>Cette s\u00e9lection est extraite de la Lettre de la  BRP n\u00b0 105 (16 novembre 2006) . Les rapports y sont pr\u00e9sent\u00e9s par ordre  chronologique inverse.<\/p>\n<ul>\n<li><a href=\"http:\/\/www.aftt.asso.fr\/\">AFTT <\/a>(Association Fran\u00e7aise du T\u00e9l\u00e9travail et des T\u00e9l\u00e9activit\u00e9s)<\/li>\n<li> <a href=\"http:\/\/www.anact.fr\/portal\/page?_pageid=497,131532&amp;_dad=portal&amp;_schema=PORTAL\">ANACT<\/a> (Association Nationale pour l&rsquo;Am\u00e9lioration des Conditions de Travail)<\/li>\n<li> <a href=\"http:\/\/www.reseau.org\/rad\">Rd <\/a>(R\u00e9seau d&rsquo;activit\u00e9s \u00e0 distance)<\/li>\n<\/ul>\n","protected":false},"excerpt":{"rendered":"<ul>\n<li> Du t\u00e9l\u00e9travail au travail mobile : un enjeu de modernisation de l&rsquo;\u00e9conomie fran\u00e7aise <\/li>\n<\/ul>\n<p>MOREL-A-LHUISSIER Pierre FRANCE. Premier ministre<\/p>\n<p>Paris;Premier ministre;2006;146 pages<\/p>\n<p>7%, telle est la proportion de la population active concern\u00e9e, en 2003, par le t\u00e9l\u00e9travail, pour une moyenne europ\u00e9enne de 13%. Selon le pr\u00e9sent rapport, les principaux obstacles au d\u00e9veloppement &hellip; <\/p>\n<p><a class=\"more-link btn\" href=\"https:\/\/www.lecreis.org\/?p=711\">Lire la suite<\/a><\/p>\n","protected":false},"author":4,"featured_media":0,"comment_status":"open","ping_status":"open","sticky":false,"template":"","format":"standard","meta":{"footnotes":""},"categories":[72],"tags":[],"class_list":["post-711","post","type-post","status-publish","format-standard","hentry","category-dossiers","item-wrap"],"_links":{"self":[{"href":"https:\/\/www.lecreis.org\/index.php?rest_route=\/wp\/v2\/posts\/711","targetHints":{"allow":["GET"]}}],"collection":[{"href":"https:\/\/www.lecreis.org\/index.php?rest_route=\/wp\/v2\/posts"}],"about":[{"href":"https:\/\/www.lecreis.org\/index.php?rest_route=\/wp\/v2\/types\/post"}],"author":[{"embeddable":true,"href":"https:\/\/www.lecreis.org\/index.php?rest_route=\/wp\/v2\/users\/4"}],"replies":[{"embeddable":true,"href":"https:\/\/www.lecreis.org\/index.php?rest_route=%2Fwp%2Fv2%2Fcomments&post=711"}],"version-history":[{"count":3,"href":"https:\/\/www.lecreis.org\/index.php?rest_route=\/wp\/v2\/posts\/711\/revisions"}],"predecessor-version":[{"id":713,"href":"https:\/\/www.lecreis.org\/index.php?rest_route=\/wp\/v2\/posts\/711\/revisions\/713"}],"wp:attachment":[{"href":"https:\/\/www.lecreis.org\/index.php?rest_route=%2Fwp%2Fv2%2Fmedia&parent=711"}],"wp:term":[{"taxonomy":"category","embeddable":true,"href":"https:\/\/www.lecreis.org\/index.php?rest_route=%2Fwp%2Fv2%2Fcategories&post=711"},{"taxonomy":"post_tag","embeddable":true,"href":"https:\/\/www.lecreis.org\/index.php?rest_route=%2Fwp%2Fv2%2Ftags&post=711"}],"curies":[{"name":"wp","href":"https:\/\/api.w.org\/{rel}","templated":true}]}}