{"id":779,"date":"2009-12-19T09:43:17","date_gmt":"2009-12-19T09:43:17","guid":{"rendered":"http:\/\/www.lecreis.org\/creis\/?p=779"},"modified":"2011-07-19T09:52:29","modified_gmt":"2011-07-19T09:52:29","slug":"plan-de-video-protection-pour-paris","status":"publish","type":"post","link":"https:\/\/www.lecreis.org\/?p=779","title":{"rendered":"Plan de vid\u00e9o protection pour Paris"},"content":{"rendered":"<p>Participation avec le mouvement UTOPIA \u00e0 la r\u00e9union publique consacr\u00e9e  au plan de vid\u00e9o protection pour Paris (PVPP), avec la participation de  M. Renaud Vedel, directeur adjoint du cabinet de Monsieur le Pr\u00e9fet de  Police, charg\u00e9 des relations avec la Ville de Paris, 16\/12\/2009<\/p>\n","protected":false},"excerpt":{"rendered":"<p>Participation avec le mouvement UTOPIA \u00e0 la r\u00e9union publique consacr\u00e9e au plan de vid\u00e9o protection pour Paris (PVPP), avec la participation de M. Renaud Vedel, directeur adjoint du cabinet de Monsieur le Pr\u00e9fet de Police, charg\u00e9 des relations avec la Ville de Paris, 16\/12\/2009<\/p>\n","protected":false},"author":4,"featured_media":0,"comment_status":"open","ping_status":"open","sticky":false,"template":"","format":"standard","meta":{"footnotes":""},"categories":[16],"tags":[91],"class_list":["post-779","post","type-post","status-publish","format-standard","hentry","category-actions","tag-videosurveillance","item-wrap"],"_links":{"self":[{"href":"https:\/\/www.lecreis.org\/index.php?rest_route=\/wp\/v2\/posts\/779","targetHints":{"allow":["GET"]}}],"collection":[{"href":"https:\/\/www.lecreis.org\/index.php?rest_route=\/wp\/v2\/posts"}],"about":[{"href":"https:\/\/www.lecreis.org\/index.php?rest_route=\/wp\/v2\/types\/post"}],"author":[{"embeddable":true,"href":"https:\/\/www.lecreis.org\/index.php?rest_route=\/wp\/v2\/users\/4"}],"replies":[{"embeddable":true,"href":"https:\/\/www.lecreis.org\/index.php?rest_route=%2Fwp%2Fv2%2Fcomments&post=779"}],"version-history":[{"count":4,"href":"https:\/\/www.lecreis.org\/index.php?rest_route=\/wp\/v2\/posts\/779\/revisions"}],"predecessor-version":[{"id":781,"href":"https:\/\/www.lecreis.org\/index.php?rest_route=\/wp\/v2\/posts\/779\/revisions\/781"}],"wp:attachment":[{"href":"https:\/\/www.lecreis.org\/index.php?rest_route=%2Fwp%2Fv2%2Fmedia&parent=779"}],"wp:term":[{"taxonomy":"category","embeddable":true,"href":"https:\/\/www.lecreis.org\/index.php?rest_route=%2Fwp%2Fv2%2Fcategories&post=779"},{"taxonomy":"post_tag","embeddable":true,"href":"https:\/\/www.lecreis.org\/index.php?rest_route=%2Fwp%2Fv2%2Ftags&post=779"}],"curies":[{"name":"wp","href":"https:\/\/api.w.org\/{rel}","templated":true}]}}